{"id":989,"date":"2015-10-22T19:56:33","date_gmt":"2015-10-22T19:56:33","guid":{"rendered":"http:\/\/b.borusewicz.pl\/?p=989"},"modified":"2015-10-22T19:57:27","modified_gmt":"2015-10-22T19:57:27","slug":"smart-metropolia-technicon-innowaceje-remiasto","status":"publish","type":"post","link":"http:\/\/b-borusewicz.pl\/index.php\/2015\/10\/22\/smart-metropolia-technicon-innowaceje-remiasto\/","title":{"rendered":"Smart Metropolia, Technicon-Innowaceje, Re:Miasto"},"content":{"rendered":"<p><strong>Marsza\u0142ek senatu Bogdan Borusewicz uroczy\u015bcie otworzy\u0142 IV Mi\u0119dzynarodowy Kongres Smart Metropolia. Tegoroczna edycja odbywa si\u0119 pod has\u0142em ?Metropolia czasu wolnego?.<\/strong><\/p>\n<p>Ponad 70 % ludno\u015bci Unii Europejskiej stanowi\u0105 dzi\u015b mieszka\u0144cy miast, co oznacza, \u017ce niemal ? obywateli Unii Europejskiej mieszka w aglomeracjach. Uczestnicy dyskutuj\u0105c i dziel\u0105c si\u0119 swoimi do\u015bwiadczeniami spr\u00f3buj\u0105 wypracowa\u0107 jak najlepsze innowacyjne rozwi\u0105zania dla polskich miast. Kongresowi towarzyszy projekt Re:Miasto. W ramach Targ\u00f3w Recyklingu i Ekologii urz\u0105dzono: Salon Technologii Zagospodarowania Odpad\u00f3w, Salon Ekotechnologii, Edustref\u0119 i Salon Us\u0142ug Komunalnych.<\/p>\n<p>Podczas ceremonii otwarcia marsza\u0142ek Borusewicz otrzyma\u0142 nagrod\u0119 GRAND PRIX 2015 za dokonania na rzecz Innowacyjno\u015bci i Smart Metropolii.<\/p>\n\n\t\t<style type=\"text\/css\">\n\t\t\t#gallery-1 {\n\t\t\t\tmargin: auto;\n\t\t\t}\n\t\t\t#gallery-1 .gallery-item {\n\t\t\t\tfloat: left;\n\t\t\t\tmargin-top: 10px;\n\t\t\t\ttext-align: center;\n\t\t\t\twidth: 33%;\n\t\t\t}\n\t\t\t#gallery-1 img {\n\t\t\t\tborder: 2px solid #cfcfcf;\n\t\t\t}\n\t\t\t#gallery-1 .gallery-caption {\n\t\t\t\tmargin-left: 0;\n\t\t\t}\n\t\t\t\/* see gallery_shortcode() in wp-includes\/media.php *\/\n\t\t<\/style>\n\t\t<div id='gallery-1' class='gallery galleryid-989 gallery-columns-3 gallery-size-medium'><dl class='gallery-item'>\n\t\t\t<dt class='gallery-icon landscape'>\n\t\t\t\t<a href='http:\/\/b-borusewicz.pl\/wp-content\/uploads\/2015\/10\/smart_metropolia_2015_17.jpg' title=\"\" data-rl_title=\"\" class=\"rl-gallery-link\" data-rl_caption=\"\" data-rel=\"lightbox-gallery-1\"><img width=\"300\" height=\"200\" src=\"http:\/\/b-borusewicz.pl\/wp-content\/uploads\/2015\/10\/smart_metropolia_2015_17-300x200.jpg\" class=\"attachment-medium size-medium\" alt=\"\" loading=\"lazy\" aria-describedby=\"gallery-1-993\" srcset=\"http:\/\/b-borusewicz.pl\/wp-content\/uploads\/2015\/10\/smart_metropolia_2015_17-300x200.jpg 300w, http:\/\/b-borusewicz.pl\/wp-content\/uploads\/2015\/10\/smart_metropolia_2015_17-1024x683.jpg 1024w, http:\/\/b-borusewicz.pl\/wp-content\/uploads\/2015\/10\/smart_metropolia_2015_17.jpg 2000w\" sizes=\"(max-width: 300px) 100vw, 300px\" \/><\/a>\n\t\t\t<\/dt>\n\t\t\t\t<dd class='wp-caption-text gallery-caption' id='gallery-1-993'>\n\t\t\t\tGda\u0144sk, Amber Expo. Mi\u0119dzynarodowy Kongres Smart Metropolia. Nz. dyplom Grand Prix za dzia\u0142ania na rzecz innowacyjno\u015bci i Smart Metropolii dla Marsza\u0142ka Senatu RP Bogdana Borusewicza, kt\u00f3ry wr\u0119cza Z-ca Prezydenta Gda\u0144ska Wies\u0142aw Bielawski\n\t\t\t\t<\/dd><\/dl><dl class='gallery-item'>\n\t\t\t<dt class='gallery-icon landscape'>\n\t\t\t\t<a href='http:\/\/b-borusewicz.pl\/wp-content\/uploads\/2015\/10\/smart_metropolia_2015_03.jpg' title=\"\" data-rl_title=\"\" class=\"rl-gallery-link\" data-rl_caption=\"\" data-rel=\"lightbox-gallery-1\"><img width=\"300\" height=\"200\" src=\"http:\/\/b-borusewicz.pl\/wp-content\/uploads\/2015\/10\/smart_metropolia_2015_03-300x200.jpg\" class=\"attachment-medium size-medium\" alt=\"\" loading=\"lazy\" aria-describedby=\"gallery-1-990\" srcset=\"http:\/\/b-borusewicz.pl\/wp-content\/uploads\/2015\/10\/smart_metropolia_2015_03-300x200.jpg 300w, http:\/\/b-borusewicz.pl\/wp-content\/uploads\/2015\/10\/smart_metropolia_2015_03-1024x683.jpg 1024w, http:\/\/b-borusewicz.pl\/wp-content\/uploads\/2015\/10\/smart_metropolia_2015_03.jpg 2000w\" sizes=\"(max-width: 300px) 100vw, 300px\" \/><\/a>\n\t\t\t<\/dt>\n\t\t\t\t<dd class='wp-caption-text gallery-caption' id='gallery-1-990'>\n\t\t\t\tMi\u0119dzynarodowy Kongres Smart Metropolia. Nz. od lewej: Marsza\u0142ek Senatu RP Bogdan Borusewicz, z-ca prezydenta Gda\u0144ska Wies\u0142aw Bielawski, marsza\u0142ek Woj. Pomorskiego Mieczys\u0142aw Struk\n\t\t\t\t<\/dd><\/dl><dl class='gallery-item'>\n\t\t\t<dt class='gallery-icon landscape'>\n\t\t\t\t<a href='http:\/\/b-borusewicz.pl\/wp-content\/uploads\/2015\/10\/smart_metropolia_2015_09.jpg' title=\"\" data-rl_title=\"\" class=\"rl-gallery-link\" data-rl_caption=\"\" data-rel=\"lightbox-gallery-1\"><img width=\"300\" height=\"200\" src=\"http:\/\/b-borusewicz.pl\/wp-content\/uploads\/2015\/10\/smart_metropolia_2015_09-300x200.jpg\" class=\"attachment-medium size-medium\" alt=\"\" loading=\"lazy\" aria-describedby=\"gallery-1-991\" srcset=\"http:\/\/b-borusewicz.pl\/wp-content\/uploads\/2015\/10\/smart_metropolia_2015_09-300x200.jpg 300w, http:\/\/b-borusewicz.pl\/wp-content\/uploads\/2015\/10\/smart_metropolia_2015_09-1024x683.jpg 1024w, http:\/\/b-borusewicz.pl\/wp-content\/uploads\/2015\/10\/smart_metropolia_2015_09.jpg 2000w\" sizes=\"(max-width: 300px) 100vw, 300px\" \/><\/a>\n\t\t\t<\/dt>\n\t\t\t\t<dd class='wp-caption-text gallery-caption' id='gallery-1-991'>\n\t\t\t\tMi\u0119dzynarodowy Kongres Smart Metropolia. Gimnastyka zorganizowana przez Ministra Sportu i Turystyki Adama Korola podczas jego wyst\u0105pienia. Nz. Marsza\u0142ek Senatu RP Bogdan Borusewicz i z-ca prezydenta Gda\u0144ska Wies\u0142aw Bielawski (po prawej)\n\t\t\t\t<\/dd><\/dl><br style=\"clear: both\" \/><dl class='gallery-item'>\n\t\t\t<dt class='gallery-icon landscape'>\n\t\t\t\t<a href='http:\/\/b-borusewicz.pl\/wp-content\/uploads\/2015\/10\/smart_metropolia_2015_10.jpg' title=\"\" data-rl_title=\"\" class=\"rl-gallery-link\" data-rl_caption=\"\" data-rel=\"lightbox-gallery-1\"><img width=\"300\" height=\"200\" src=\"http:\/\/b-borusewicz.pl\/wp-content\/uploads\/2015\/10\/smart_metropolia_2015_10-300x200.jpg\" class=\"attachment-medium size-medium\" alt=\"\" loading=\"lazy\" aria-describedby=\"gallery-1-992\" srcset=\"http:\/\/b-borusewicz.pl\/wp-content\/uploads\/2015\/10\/smart_metropolia_2015_10-300x200.jpg 300w, http:\/\/b-borusewicz.pl\/wp-content\/uploads\/2015\/10\/smart_metropolia_2015_10-1024x683.jpg 1024w, http:\/\/b-borusewicz.pl\/wp-content\/uploads\/2015\/10\/smart_metropolia_2015_10.jpg 2000w\" sizes=\"(max-width: 300px) 100vw, 300px\" \/><\/a>\n\t\t\t<\/dt>\n\t\t\t\t<dd class='wp-caption-text gallery-caption' id='gallery-1-992'>\n\t\t\t\tGda\u0144sk, Amber Expo. Mi\u0119dzynarodowy Kongres Smart Metropolia. Gimnastyka zorganizowana przez Ministra Sportu i Turystyki Adama Korola podczas jego wyst\u0105pienia. Nz. po prawej Z-ca Prezydenta Gda\u0144ska Wies\u0142aw Bialawski, po \u015brodku Marsza\u0142ek Senatu RP Bogdan Borusewicz\n\t\t\t\t<\/dd><\/dl>\n\t\t\t<br style='clear: both' \/>\n\t\t<\/div>\n\n","protected":false},"excerpt":{"rendered":"<p>Marsza\u0142ek senatu Bogdan Borusewicz uroczy\u015bcie otworzy\u0142 IV Mi\u0119dzynarodowy Kongres Smart Metropolia. Tegoroczna edycja odbywa si\u0119 pod has\u0142em ?Metropolia czasu wolnego?. Ponad 70 % ludno\u015bci Unii Europejskiej stanowi\u0105 dzi\u015b mieszka\u0144cy miast, co oznacza, \u017ce niemal&#46;&#46;&#46;<\/p>\n","protected":false},"author":1,"featured_media":993,"comment_status":"open","ping_status":"open","sticky":false,"template":"","format":"standard","meta":[],"categories":[9],"tags":[21,197],"_links":{"self":[{"href":"http:\/\/b-borusewicz.pl\/index.php\/wp-json\/wp\/v2\/posts\/989"}],"collection":[{"href":"http:\/\/b-borusewicz.pl\/index.php\/wp-json\/wp\/v2\/posts"}],"about":[{"href":"http:\/\/b-borusewicz.pl\/index.php\/wp-json\/wp\/v2\/types\/post"}],"author":[{"embeddable":true,"href":"http:\/\/b-borusewicz.pl\/index.php\/wp-json\/wp\/v2\/users\/1"}],"replies":[{"embeddable":true,"href":"http:\/\/b-borusewicz.pl\/index.php\/wp-json\/wp\/v2\/comments?post=989"}],"version-history":[{"count":2,"href":"http:\/\/b-borusewicz.pl\/index.php\/wp-json\/wp\/v2\/posts\/989\/revisions"}],"predecessor-version":[{"id":995,"href":"http:\/\/b-borusewicz.pl\/index.php\/wp-json\/wp\/v2\/posts\/989\/revisions\/995"}],"wp:featuredmedia":[{"embeddable":true,"href":"http:\/\/b-borusewicz.pl\/index.php\/wp-json\/wp\/v2\/media\/993"}],"wp:attachment":[{"href":"http:\/\/b-borusewicz.pl\/index.php\/wp-json\/wp\/v2\/media?parent=989"}],"wp:term":[{"taxonomy":"category","embeddable":true,"href":"http:\/\/b-borusewicz.pl\/index.php\/wp-json\/wp\/v2\/categories?post=989"},{"taxonomy":"post_tag","embeddable":true,"href":"http:\/\/b-borusewicz.pl\/index.php\/wp-json\/wp\/v2\/tags?post=989"}],"curies":[{"name":"wp","href":"https:\/\/api.w.org\/{rel}","templated":true}]}}