{"id":768,"date":"2015-01-29T01:55:07","date_gmt":"2015-01-29T01:55:07","guid":{"rendered":"http:\/\/b.borusewicz.pl\/?p=768"},"modified":"2015-09-18T09:45:22","modified_gmt":"2015-09-18T09:45:22","slug":"noworoczne-spotkanie-marszalka-senatu-z-korpusem-dyplomatycznym","status":"publish","type":"post","link":"http:\/\/b-borusewicz.pl\/index.php\/2015\/01\/29\/noworoczne-spotkanie-marszalka-senatu-z-korpusem-dyplomatycznym\/","title":{"rendered":"Noworoczne spotkanie marsza\u0142ka Senatu z korpusem dyplomatycznym"},"content":{"rendered":"<div class=\"Zajawka\">\n<p><strong>Marsza\u0142ek Senatu RP Bogdan Borusewicz spotka\u0142 si\u0119 w Senacie z korpusem dyplomatycznym podczas tradycyjnego spotkania noworocznego.<\/strong><\/p>\n<\/div>\n<div class=\"Tresc\">\n<p>Marsza\u0142ek Senatu RP Bogdan Borusewicz zwracaj\u0105c si\u0119 do zebranych go\u015bci podsumowa\u0142 mijaj\u0105cy rok. Mi\u0119dzy innymi przypomnia\u0142 wa\u017cne rocznice kt\u00f3re przypad\u0142y na ubieg\u0142y rok. ?Dwadzie\u015bcia pi\u0119\u0107 lat pracy w wolnej Polsce sk\u0142ania jednak do pewnych podsumowa\u0144 i refleksji. Dzi\u015b ju\u017c wiemy, \u017ce obok niew\u0105tpliwych dokona\u0144 i sukces\u00f3w, nie unikn\u0119li\u015bmy wielu zaniedba\u0144. Przyszed\u0142 wi\u0119c czas, by zastanowi\u0107 si\u0119 nad dalsz\u0105 drog\u0105, by dokona\u0107 wa\u017cnych i odpowiedzialnych wybor\u00f3w, istotnych przewarto\u015bciowa\u0144, tak\u017ce w polityce zagranicznej? ? m\u00f3wi\u0142 marsza\u0142ek.Podkre\u015bli\u0142, \u017ce po raz pierwszy od 1989 roku wydarzenia mi\u0119dzynarodowe w istotny spos\u00f3b wp\u0142yn\u0119\u0142y na nasz\u0105 polityk\u0119 wewn\u0119trzn\u0105. ?Aneksja ukrai\u0144skiego Krymu przez Rosj\u0119, trwaj\u0105cy do dzi\u015b konflikt na Ukrainie oznaczaj\u0105 koniec etapu spokoju i przewidywalno\u015bci w polityce zagranicznej, z kt\u00f3rym mieli\u015bmy do czynienia od pocz\u0105tku lat 90.?<\/p>\n<p>Marsza\u0142ek podkre\u015bli\u0142, \u017ce dla Polski wa\u017cne jest globalne bezpiecze\u0144stwo, st\u0105d starania naszego kraju o niesta\u0142e miejsce w Radzie Bezpiecze\u0144stwa Narod\u00f3w Zjednoczonych na lata 2018-19.<\/p>\n<p>?Nowy Rok b\u0119dzie dla nas wszystkich rokiem intensywnej pracy. Opr\u00f3cz codziennych krajowych obowi\u0105zk\u00f3w ? w tym kampanii wyborczej ? czeka nas bie\u017c\u0105ca praca w zgromadzeniach mi\u0119dzyparlamentarnych? ?\u00a0zaznaczy\u0142 marsza\u0142ek Borusewicz.<\/p>\n<p><a href=\"http:\/\/senat.gov.pl\/aktualnosci\/art,7672,noworoczne-spotkanie-marszalka-senatu-z-korpusem-dyplomatycznym.html\" target=\"_blank\">Wi\u0119cej<\/a><\/p>\n<\/div>\n","protected":false},"excerpt":{"rendered":"<p>Marsza\u0142ek Senatu RP Bogdan Borusewicz spotka\u0142 si\u0119 w Senacie z korpusem dyplomatycznym podczas tradycyjnego spotkania noworocznego. Marsza\u0142ek Senatu RP Bogdan Borusewicz zwracaj\u0105c si\u0119 do zebranych go\u015bci podsumowa\u0142 mijaj\u0105cy rok. Mi\u0119dzy innymi przypomnia\u0142 wa\u017cne rocznice&#46;&#46;&#46;<\/p>\n","protected":false},"author":1,"featured_media":0,"comment_status":"open","ping_status":"open","sticky":false,"template":"","format":"standard","meta":[],"categories":[9],"tags":[148,147,15],"_links":{"self":[{"href":"http:\/\/b-borusewicz.pl\/index.php\/wp-json\/wp\/v2\/posts\/768"}],"collection":[{"href":"http:\/\/b-borusewicz.pl\/index.php\/wp-json\/wp\/v2\/posts"}],"about":[{"href":"http:\/\/b-borusewicz.pl\/index.php\/wp-json\/wp\/v2\/types\/post"}],"author":[{"embeddable":true,"href":"http:\/\/b-borusewicz.pl\/index.php\/wp-json\/wp\/v2\/users\/1"}],"replies":[{"embeddable":true,"href":"http:\/\/b-borusewicz.pl\/index.php\/wp-json\/wp\/v2\/comments?post=768"}],"version-history":[{"count":2,"href":"http:\/\/b-borusewicz.pl\/index.php\/wp-json\/wp\/v2\/posts\/768\/revisions"}],"predecessor-version":[{"id":776,"href":"http:\/\/b-borusewicz.pl\/index.php\/wp-json\/wp\/v2\/posts\/768\/revisions\/776"}],"wp:attachment":[{"href":"http:\/\/b-borusewicz.pl\/index.php\/wp-json\/wp\/v2\/media?parent=768"}],"wp:term":[{"taxonomy":"category","embeddable":true,"href":"http:\/\/b-borusewicz.pl\/index.php\/wp-json\/wp\/v2\/categories?post=768"},{"taxonomy":"post_tag","embeddable":true,"href":"http:\/\/b-borusewicz.pl\/index.php\/wp-json\/wp\/v2\/tags?post=768"}],"curies":[{"name":"wp","href":"https:\/\/api.w.org\/{rel}","templated":true}]}}