{"id":764,"date":"2015-02-05T01:51:06","date_gmt":"2015-02-05T01:51:06","guid":{"rendered":"http:\/\/b.borusewicz.pl\/?p=764"},"modified":"2015-09-18T09:46:10","modified_gmt":"2015-09-18T09:46:10","slug":"marszalek-senatu-oddal-hold-pamieci-prezydenta-niemiec-richarda-von-weizsackera","status":"publish","type":"post","link":"http:\/\/b-borusewicz.pl\/index.php\/2015\/02\/05\/marszalek-senatu-oddal-hold-pamieci-prezydenta-niemiec-richarda-von-weizsackera\/","title":{"rendered":"Marsza\u0142ek Senatu odda\u0142 ho\u0142d pami\u0119ci prezydenta Niemiec Richarda von Weizs\u00e4ckera"},"content":{"rendered":"<div class=\"Zajawka\">\n<p>?W imieniu Senatu Rzeczypospolitej Polskiej i moim w\u0142asnym pragn\u0119 wyrazi\u0107 g\u0142\u0119boki smutek z powodu \u015bmierci by\u0142ego prezydenta Republiki Federalnej Niemiec, wybitnego polityka Richarda von Weizs\u00e4ckera. Z tego powodu pragn\u0119 z\u0142o\u017cy\u0107 najszczersze kondolencje ca\u0142emu niemieckiemu spo\u0142ecze\u0144stwu, a tak\u017ce Bliskim i wsp\u00f3\u0142pracownikom Prezydenta? ? napisa\u0142 marsza\u0142ek Senatu.<\/p>\n<\/div>\n<div class=\"Tresc\">\n<p><a href=\"http:\/\/senat.gov.pl\/aktualnosci\/art,7698,marszalek-senatu-oddal-hold-pamieci-prezydenta-niemiec-richarda-von-weizsckera.html\" target=\"_blank\">Wi\u0119cej<\/a><\/p>\n<\/div>\n","protected":false},"excerpt":{"rendered":"<p>?W imieniu Senatu Rzeczypospolitej Polskiej i moim w\u0142asnym pragn\u0119 wyrazi\u0107 g\u0142\u0119boki smutek z powodu \u015bmierci by\u0142ego prezydenta Republiki Federalnej Niemiec, wybitnego polityka Richarda von Weizs\u00e4ckera. Z tego powodu pragn\u0119 z\u0142o\u017cy\u0107 najszczersze kondolencje ca\u0142emu niemieckiemu&#46;&#46;&#46;<\/p>\n","protected":false},"author":1,"featured_media":0,"comment_status":"open","ping_status":"open","sticky":false,"template":"","format":"standard","meta":[],"categories":[9],"tags":[144,15],"_links":{"self":[{"href":"http:\/\/b-borusewicz.pl\/index.php\/wp-json\/wp\/v2\/posts\/764"}],"collection":[{"href":"http:\/\/b-borusewicz.pl\/index.php\/wp-json\/wp\/v2\/posts"}],"about":[{"href":"http:\/\/b-borusewicz.pl\/index.php\/wp-json\/wp\/v2\/types\/post"}],"author":[{"embeddable":true,"href":"http:\/\/b-borusewicz.pl\/index.php\/wp-json\/wp\/v2\/users\/1"}],"replies":[{"embeddable":true,"href":"http:\/\/b-borusewicz.pl\/index.php\/wp-json\/wp\/v2\/comments?post=764"}],"version-history":[{"count":2,"href":"http:\/\/b-borusewicz.pl\/index.php\/wp-json\/wp\/v2\/posts\/764\/revisions"}],"predecessor-version":[{"id":777,"href":"http:\/\/b-borusewicz.pl\/index.php\/wp-json\/wp\/v2\/posts\/764\/revisions\/777"}],"wp:attachment":[{"href":"http:\/\/b-borusewicz.pl\/index.php\/wp-json\/wp\/v2\/media?parent=764"}],"wp:term":[{"taxonomy":"category","embeddable":true,"href":"http:\/\/b-borusewicz.pl\/index.php\/wp-json\/wp\/v2\/categories?post=764"},{"taxonomy":"post_tag","embeddable":true,"href":"http:\/\/b-borusewicz.pl\/index.php\/wp-json\/wp\/v2\/tags?post=764"}],"curies":[{"name":"wp","href":"https:\/\/api.w.org\/{rel}","templated":true}]}}