{"id":672,"date":"2015-03-22T17:33:43","date_gmt":"2015-03-22T17:33:43","guid":{"rendered":"http:\/\/b.borusewicz.pl\/?p=672"},"modified":"2015-09-18T01:19:24","modified_gmt":"2015-09-18T01:19:24","slug":"glosowanie-do-rady-dzielnicy-osowa","status":"publish","type":"post","link":"http:\/\/b-borusewicz.pl\/index.php\/2015\/03\/22\/glosowanie-do-rady-dzielnicy-osowa\/","title":{"rendered":"G\u0142osowanie do Rady Dzielnicy Osowa"},"content":{"rendered":"<p>W niedziel\u0119 22 marca Marsza\u0142ek Senatu RP Bogdan Borusewicz g\u0142osowa\u0142 w lokalu wyborczym w Szkole w Osowie.<\/p>\n<div class=\"Tresc\">\n<p>Rady Dzielnic to bardzo wa\u017cny szczebel lokalnego dzia\u0142ania i aktywizacji w miejscu zamieszkania.<\/p>\n\n\t\t<style type=\"text\/css\">\n\t\t\t#gallery-1 {\n\t\t\t\tmargin: auto;\n\t\t\t}\n\t\t\t#gallery-1 .gallery-item {\n\t\t\t\tfloat: left;\n\t\t\t\tmargin-top: 10px;\n\t\t\t\ttext-align: center;\n\t\t\t\twidth: 33%;\n\t\t\t}\n\t\t\t#gallery-1 img {\n\t\t\t\tborder: 2px solid #cfcfcf;\n\t\t\t}\n\t\t\t#gallery-1 .gallery-caption {\n\t\t\t\tmargin-left: 0;\n\t\t\t}\n\t\t\t\/* see gallery_shortcode() in wp-includes\/media.php *\/\n\t\t<\/style>\n\t\t<div id='gallery-1' class='gallery galleryid-672 gallery-columns-3 gallery-size-medium'><dl class='gallery-item'>\n\t\t\t<dt class='gallery-icon landscape'>\n\t\t\t\t<a href='http:\/\/b-borusewicz.pl\/wp-content\/uploads\/2015\/03\/IMG_4985.jpg' title=\"\" data-rl_title=\"\" class=\"rl-gallery-link\" data-rl_caption=\"\" data-rel=\"lightbox-gallery-1\"><img width=\"300\" height=\"225\" src=\"http:\/\/b-borusewicz.pl\/wp-content\/uploads\/2015\/03\/IMG_4985-300x225.jpg\" class=\"attachment-medium size-medium\" alt=\"\" loading=\"lazy\" srcset=\"http:\/\/b-borusewicz.pl\/wp-content\/uploads\/2015\/03\/IMG_4985-300x225.jpg 300w, http:\/\/b-borusewicz.pl\/wp-content\/uploads\/2015\/03\/IMG_4985-1024x768.jpg 1024w\" sizes=\"(max-width: 300px) 100vw, 300px\" \/><\/a>\n\t\t\t<\/dt><\/dl><dl class='gallery-item'>\n\t\t\t<dt class='gallery-icon landscape'>\n\t\t\t\t<a href='http:\/\/b-borusewicz.pl\/wp-content\/uploads\/2015\/03\/IMG_4986.jpg' title=\"\" data-rl_title=\"\" class=\"rl-gallery-link\" data-rl_caption=\"\" data-rel=\"lightbox-gallery-1\"><img width=\"300\" height=\"225\" src=\"http:\/\/b-borusewicz.pl\/wp-content\/uploads\/2015\/03\/IMG_4986-300x225.jpg\" class=\"attachment-medium size-medium\" alt=\"\" loading=\"lazy\" srcset=\"http:\/\/b-borusewicz.pl\/wp-content\/uploads\/2015\/03\/IMG_4986-300x225.jpg 300w, http:\/\/b-borusewicz.pl\/wp-content\/uploads\/2015\/03\/IMG_4986-1024x768.jpg 1024w\" sizes=\"(max-width: 300px) 100vw, 300px\" \/><\/a>\n\t\t\t<\/dt><\/dl>\n\t\t\t<br style='clear: both' \/>\n\t\t<\/div>\n\n<\/div>\n","protected":false},"excerpt":{"rendered":"<p>W niedziel\u0119 22 marca Marsza\u0142ek Senatu RP Bogdan Borusewicz g\u0142osowa\u0142 w lokalu wyborczym w Szkole w Osowie. Rady Dzielnic to bardzo wa\u017cny szczebel lokalnego dzia\u0142ania i aktywizacji w miejscu zamieszkania.<\/p>\n","protected":false},"author":1,"featured_media":720,"comment_status":"open","ping_status":"open","sticky":false,"template":"","format":"standard","meta":[],"categories":[1],"tags":[],"_links":{"self":[{"href":"http:\/\/b-borusewicz.pl\/index.php\/wp-json\/wp\/v2\/posts\/672"}],"collection":[{"href":"http:\/\/b-borusewicz.pl\/index.php\/wp-json\/wp\/v2\/posts"}],"about":[{"href":"http:\/\/b-borusewicz.pl\/index.php\/wp-json\/wp\/v2\/types\/post"}],"author":[{"embeddable":true,"href":"http:\/\/b-borusewicz.pl\/index.php\/wp-json\/wp\/v2\/users\/1"}],"replies":[{"embeddable":true,"href":"http:\/\/b-borusewicz.pl\/index.php\/wp-json\/wp\/v2\/comments?post=672"}],"version-history":[{"count":3,"href":"http:\/\/b-borusewicz.pl\/index.php\/wp-json\/wp\/v2\/posts\/672\/revisions"}],"predecessor-version":[{"id":722,"href":"http:\/\/b-borusewicz.pl\/index.php\/wp-json\/wp\/v2\/posts\/672\/revisions\/722"}],"wp:featuredmedia":[{"embeddable":true,"href":"http:\/\/b-borusewicz.pl\/index.php\/wp-json\/wp\/v2\/media\/720"}],"wp:attachment":[{"href":"http:\/\/b-borusewicz.pl\/index.php\/wp-json\/wp\/v2\/media?parent=672"}],"wp:term":[{"taxonomy":"category","embeddable":true,"href":"http:\/\/b-borusewicz.pl\/index.php\/wp-json\/wp\/v2\/categories?post=672"},{"taxonomy":"post_tag","embeddable":true,"href":"http:\/\/b-borusewicz.pl\/index.php\/wp-json\/wp\/v2\/tags?post=672"}],"curies":[{"name":"wp","href":"https:\/\/api.w.org\/{rel}","templated":true}]}}