{"id":655,"date":"2014-06-13T13:43:43","date_gmt":"2014-06-13T13:43:43","guid":{"rendered":"http:\/\/b.borusewicz.pl\/?p=655"},"modified":"2015-09-18T09:50:13","modified_gmt":"2015-09-18T09:50:13","slug":"bogdan-borusewicz-niekomunistyczna-elita-miala-zasade-nie-napychac-kieszeni","status":"publish","type":"post","link":"http:\/\/b-borusewicz.pl\/index.php\/2014\/06\/13\/bogdan-borusewicz-niekomunistyczna-elita-miala-zasade-nie-napychac-kieszeni\/","title":{"rendered":"Bogdan BORUSEWICZ: ?Niekomunistyczna elita mia\u0142a zasad\u0119: nie napycha\u0107 kieszeni?"},"content":{"rendered":"<h3><\/h3>\n<h4>2014-06-13<\/h4>\n<div class=\"Tresc\">\n<p class=\"western\" align=\"JUSTIFY\"><strong>W 65-letnim Bogdanie Borusewiczu, marsza\u0142ku Senatu <\/strong><strong>?<\/strong><strong> izby wy\u017cszej parlamentu<\/strong>?<strong> bardzo \u0142atwo da si\u0119 rozpozna\u0107 31-letniego, niewysokiego m\u0119\u017cczyzn\u0119 w zwyk\u0142ej koszulce z d\u0142ugim r\u0119kawem i w kloszach z \u0142atami, kt\u00f3rego zapami\u0119ta\u0142em ze zdj\u0119\u0107, i kt\u00f3ry w sierpniu 1980 roku ni\u00f3s\u0142 chleb strajkuj\u0105cym robotnikom Stoczni Gda\u0144skiej&#8230;<\/strong><\/p>\n<p class=\"western\" align=\"JUSTIFY\"><strong>Na warszawskiej ulicy Nowy \u015awiat zauwa\u017cy\u0142em k\u0105tem oka has\u0142o ?Przysz\u0142o\u015b\u0107 ma swoj\u0105 przesz\u0142o\u015b\u0107?. Ta paradoksalna przy swojej powierzchownej banalno\u015bci my\u015bl w niezwykle znamienny spos\u00f3b odzwierciedla kluczow\u0105 cech\u0119 pa\u0144stwowej i spo\u0142ecznej struktury Rzeczypospolitej Polskiej, kt\u00f3ra w dniu 4 czerwca b\u0119dzie obchodzi\u0107 25. rocznic\u0119 pierwszych cz\u0119\u015bciowo wolnych wybor\u00f3w, po kt\u00f3rych powsta\u0142 niekomunistyczny rz\u0105d i zacz\u0119\u0142y si\u0119 reformy wolnorynkowe <\/strong><strong>?<\/strong><strong> ci\u0105g\u0142o\u015b\u0107 idei i pokole\u0144. W 65-letnim Bogdanie Borusewiczu, marsza\u0142ku Senatu <\/strong><strong>?<\/strong><strong> izby wy\u017cszej parlamentu <\/strong><strong>?<\/strong><strong> bardzo \u0142atwo da si\u0119 rozpozna\u0107 31-letniego, niewysokiego m\u0119\u017cczyzn\u0119 w zwyk\u0142ej koszulce z d\u0142ugim r\u0119kawem i w kloszach z \u0142atami, kt\u00f3rego zapami\u0119ta\u0142em ze zdj\u0119\u0107, i kt\u00f3ry w sierpniu 1980 roku ni\u00f3s\u0142 chleb strajkuj\u0105cym robotnikom Stoczni Gda\u0144skiej. Pikanterii ca\u0142ej sytuacji dodawa\u0142 fakt, \u017ce to on by\u0142 jednym z g\u0142\u00f3wnych organizator\u00f3w historycznego strajku, w wyniku kt\u00f3rego pojawi\u0142a si\u0119 ?Solidarno\u015b\u0107? i rozb\u0142ys\u0142a gwiazda Lecha Wa\u0142\u0119sy. Bogdan Borusewicz opowiada o tym jak we wsp\u00f3\u0142czesnej Polsce idee, a nawet ludzie tamtych czas\u00f3w, nadal wyznaczaj\u0105 tre\u015b\u0107 i istot\u0119 polskiej demokracji. Wi\u0119c Polska \u017cyje w\u0142a\u015bnie w tej przysz\u0142o\u015bci, kt\u00f3ra ma swoj\u0105 przesz\u0142o\u015b\u0107.<\/strong><\/p>\n<p class=\"western\">? <strong>M\u00f3wi si\u0119, \u017ce jest Pan pierwowzorem bohatera s\u0142ynnego filmu Andrzeja Wajdy o strajku w sierpniu 1980 roku pt. ?Cz\u0142owiek z \u017celaza.? Czy to prawda?<\/strong><\/p>\n<p class=\"western\" align=\"JUSTIFY\">? Posta\u0107 ?Cz\u0142owieka z \u017celaza? ma r\u00f3wnie\u017c moje cechy. Ale musimy zrozumie\u0107, \u017ce jest to zbiorowy wizerunek artystyczny przedstawiaj\u0105cy m\u0142odego, inteligentnego cz\u0142owieka, kt\u00f3ry wzywa robotnik\u00f3w do stawiania oporu. Andrzej Wajda rozmawia\u0142 ze mn\u0105, ale nied\u0142ugo, poniewa\u017c mia\u0142em wtedy bardzo ma\u0142o czasu na rozmowy z filmowcami. Moja grupa przygotowywa\u0142a strajk. Jak si\u0119 p\u00f3\u017aniej okaza\u0142o, by\u0142o w niej dw\u00f3ch przysz\u0142ych prezydent\u00f3w (<em>Lech Wa\u0142\u0119sa i Lech Kaczy\u0144ski<\/em> ? przyp. <strong>A.K.)<\/strong>, jeden premier (<em>Donald Tusk<\/em> ? przyp. <strong>A.K<\/strong>.) i przewodnicz\u0105cy Senatu (<em>sam Bogdan Borusewicz, kt\u00f3ry, nawiasem m\u00f3wi\u0105c, w dniu 8 lipca 2010 r. w ci\u0105gu kilku godzin pe\u0142ni\u0142 funkcj\u0119 prezydenta Polski<\/em> ? przyp. <strong>A.K.<\/strong>). Ta ma\u0142a grupa ludzi przy pomocy teorii rewolucji Lenina zniszczy\u0142a leninowsk\u0105 ideologi\u0119 w stoczni w Gda\u0144sku. Przyk\u0142ad rosyjskich narodowc\u00f3w by\u0142 dla nas wa\u017cny: niewielka grupa intelektualist\u00f3w wysz\u0142a do ludzi, stworzy\u0142a Komitet Obrony Robotnik\u00f3w (KOR). Ale narodowcy w Rosji przegrali. A my wygrali\u015bmy.<\/p>\n<p class=\"western\" align=\"JUSTIFY\">Wzorowali\u015bmy si\u0119 na radzieckich dysydentach: Komisja Obrony Praw Cz\u0142owieka, Andriej Sacharow&#8230; Byli\u015bmy w izolacji, nie mogli\u015bmy nigdzie wyjecha\u0107, nawet do Zwi\u0105zku Radzieckiego i Czechos\u0142owacji. Ale dzi\u0119ki paryskiej ?Kulturze? wydawanej w j\u0119zyku polskim (<em>od 1947 do 2000 roku czasopismo publikowa\u0142 i redagowa\u0142 wybitny polski publicysta Jerzy Giedroy\u0107<\/em> ? przyp.<strong>A.K<\/strong>.), radiu ?Wolno\u015b\u0107?, wydawnictwu podziemnemu, wiedzieli\u015bmy o sobie i nasi\u0105kali\u015bmy pomys\u0142ami. W 1976 roku powsta\u0142 KOR, a w 1977 ? czechos\u0142owacka ?Karta 77?. Brali\u015bmy przyk\u0142ad z radzieckich dysydent\u00f3w, a czechos\u0142owaccy dysydenci z nas.<\/p>\n<p class=\"western\" align=\"JUSTIFY\"><strong>? Tak, to by\u0142y sieci spo\u0142eczno\u015bciowe tamtych czas\u00f3w&#8230; Jakie miejsce w polskiej \u015bwiadomo\u015bci zajmuj\u0105 pierwsze cz\u0119\u015bciowo wolne wybory z 4 czerwca 1989 roku?<\/strong><\/p>\n<p class=\"western\" align=\"JUSTIFY\">&#8211; B\u0119dzie du\u017ca uroczysto\u015b\u0107 z okazji tej daty. To by\u0142y cz\u0119\u015bciowo wolne wybory do Sejmu i ca\u0142kowicie wolne wybory do Senatu. Sta\u0142y si\u0119 one kontynuacj\u0105 procesu, kt\u00f3ry rozpocz\u0119li\u015bmy w sierpniu 1980 roku strajkiem w Stoczni Gda\u0144skiej. Strajk by\u0142 nadzwyczaj udany. Ale potem nast\u0105pi\u0142 stan wojenny. Nast\u0119pnie pod wp\u0142ywem rosn\u0105cej si\u0142y ruchu strajkowego w\u0142adze rozpocz\u0119\u0142y negocjacje. A wybory 4 czerwca by\u0142y wynikiem porozumienia mi\u0119dzy dwiema stronami. Proces by\u0142 bardzo trudny, poniewa\u017c przy stole siedzieli wrogowie. W\u0142adze uwa\u017ca\u0142y nas za rebeliant\u00f3w i kontrrewolucjonist\u00f3w. Kiedy zaczynali\u015bmy, by\u0142o nas kilka tysi\u0119cy. A kiedy Wojciech Jaruzelski wprowadzi\u0142 stan wojenny w grudniu 1981 r., ?Solidarno\u015b\u0107? liczy\u0142a ponad 10 milion\u00f3w cz\u0142onk\u00f3w. Najwi\u0119ksi aktywi\u015bci stanowili z tego 5 procent, czyli a\u017c p\u00f3\u0142 miliona os\u00f3b. Po raz kolejny w historii Polski stworzyli\u015bmy ogromny ruch podziemny. Po raz pierwszy taka sytuacja mia\u0142a miejsce w 1863 roku, kiedy dosz\u0142o do buntu przeciw carowi. Po raz drugi ? w czasie okupacji hitlerowskiej, kiedy w rzeczywisto\u015bci powsta\u0142o pa\u0144stwo podziemne. I po raz trzeci w latach stanu wojennego. Pomijaj\u0105c si\u0142y zbrojne i s\u0105downictwo, w podziemiu mieli\u015bmy wszystko: administracj\u0119, kilkaset gazet, radio, a nawet telewizj\u0119. Wspierali nas fachowcy z Katedry Astronomii w Toruniu, kt\u00f3rzy pracowali z satelitami. Osobi\u015bcie w podziemiu dzia\u0142a\u0142em ponad cztery lata. Zmieniali\u015bmy sw\u00f3j wygl\u0105d i dokumenty.<\/p>\n<p class=\"western\" align=\"JUSTIFY\">Sytuacja w Polsce pogarsza\u0142a si\u0119, w tym gospodarcza. Dlatego Jaruzelski zdecydowa\u0142, \u017ce trzeba z nami podj\u0105\u0107 dialog.<\/p>\n<p class=\"western\" align=\"JUSTIFY\">?<strong>Nie jestem pierwszym sekretarzem KC PZPR?<\/strong><\/p>\n<p class=\"western\" align=\"JUSTIFY\">?<strong> W pewnym momencie wydawa\u0142o si\u0119, \u017ce Zwi\u0105zek Radziecki i Polska r\u00f3wnolegle rozwija\u0142y demokracj\u0119. Kiedy u was odbywa\u0142y si\u0119 wybory 4 czerwca 1989 r., u nas obradowa\u0142 wybrany w pierwszych w po\u0142owie wolnych wyborach Kongres Deputowanych Ludowych. Ale potem drogi si\u0119 rozesz\u0142y. Co jest tego przyczyn\u0105?<\/strong><\/p>\n<p class=\"western\" align=\"JUSTIFY\">? G\u0142\u00f3wnym powodem jest w\u0142a\u015bnie to, \u017ce u nas ju\u017c powsta\u0142a niekomunistyczna elita, kt\u00f3ra mia\u0142a swoje twarde zasady, mianowicie zaanga\u017cowanie w demokracj\u0119, a nie nape\u0142nianie kieszeni. Nie lubili\u015bmy genera\u0142\u00f3w, s\u0142u\u017cb specjalnych, chcieli\u015bmy opu\u015bci\u0107 blok socjalistyczny. Dlatego Polacy odczuli 40-procentowy spadek poziomu \u017cycia. A ju\u017c w 1993 roku, cztery lata po wprowadzeniu reform, rozpocz\u0105\u0142 si\u0119 wzrost gospodarczy.<\/p>\n<p class=\"western\" align=\"JUSTIFY\">Zdziwi si\u0119 Pan, ale demokracja dzia\u0142a dobrze tam, gdzie si\u0142a polityczna, kt\u00f3ra przegrywa wybory, odchodzi. Tak sta\u0142o si\u0119 w Mongolii&#8230; Ale to nie nast\u0105pi\u0142o we wszystkich krajach poradzieckich (z wyj\u0105tkiem Ukrainy), gdzie raz zdobyta przez prezydent\u00f3w w\u0142adza, nie by\u0142a ju\u017c nigdy oddawana w kolejnych wyborach.<\/p>\n<p class=\"western\" align=\"JUSTIFY\">?<strong> Oznacza to, \u017ce regularna rotacja w\u0142adzy i aktywny system parlamentarny s\u0105 najwa\u017cniejsze?<\/strong><\/p>\n<p class=\"western\" align=\"JUSTIFY\">? Oczywi\u015bcie, system, kt\u00f3ry dzia\u0142a w Polsce, w du\u017cym stopniu gwarantuje ochron\u0119 demokracji. Ale co najwa\u017cniejsze, przestrzeganie prawa. Nade mn\u0105 i prezydentem RP jest prawo. Nigdy nie dzwoni\u0119 do s\u0119dziego lub prokuratora. Prasa by mnie zniszczy\u0142a, gdybym co\u015b takiego zrobi\u0142. St\u0105d niezwykle wa\u017cna jest opinia publiczna. Wiele os\u00f3b z ?Solidarno\u015bci? przychodzi\u0142o do mnie m\u00f3wi\u0105c: ?Niech Pan zrobi to, tamto, potrzebuj\u0119 mieszkania&#8230;? Odpowiada\u0142em im: ?Czy nie zauwa\u017cyli\u015bcie, \u017ce co\u015b si\u0119 zmieni\u0142o ? nie jestem pierwszym sekretarzem Komitetu Centralnego PZPR?.<\/p>\n<p class=\"western\" align=\"JUSTIFY\">Przez pierwsze 5 lat zbudowali\u015bmy nowy system. Pa\u0144stwo w Polsce funkcjonuje coraz lepiej. Demokracja i wolny rynek w takim stopniu si\u0119 zaadaptowa\u0142y, \u017ce nie ma znaczenia, kto wygra wybory, prawica czy lewica. Mianowicie pokomunistyczny rz\u0105d lewicowy opowiada\u0142 si\u0119 za przyst\u0105pieniem Polski do NATO, to on zaprowadzi\u0142 nas do Unii Europejskiej. Aleksander Kwa\u015bniewski wyst\u0119powa\u0142 przeciwko wst\u0105pieniu do NATO. Do czasu, kiedy Borys Jelcyn rozstrzela\u0142 parlament.<\/p>\n<p class=\"western\" align=\"JUSTIFY\"><em>Bogdan Borusewicz ostro krytykuje system polityczny w Rosji, nazywaj\u0105c go autorytarnym. ?R\u00f3\u017cnica mi\u0119dzy demokracj\u0105, a ?suwerenn\u0105 demokracj\u0105? ? m\u00f3wi <\/em>?<em> jest taka sama jak mi\u0119dzy zwyk\u0142ym krzes\u0142em, a krzes\u0142em elektrycznym?. Dla ludzi jego generacji j\u0119zyk rosyjski nie jest zupe\u0142nie obcy. Dlatego marsza\u0142ek Senatu regularnie i ze zdziwieniem ogl\u0105da stacj\u0119 telewizyjn\u0105 ?Rosja 24?, uwa\u017caj\u0105c, \u017ce wi\u0119kszo\u015b\u0107 informacji to k\u0142amstwo i propaganda.<\/em><\/p>\n<p class=\"western\" align=\"JUSTIFY\"><strong>Stosunki rosyjsko-polskie zamro\u017cone<\/strong><\/p>\n<p class=\"western\" align=\"JUSTIFY\"><strong>? W stosunkach mi\u0119dzy naszymi krajami jest wiele tak zwanych pyta\u0144 trudnych: Katy\u0144, wrak samolotu prezydenta Kaczy\u0144skiego, system obrony przeciwrakietowej PRO. Czy Krymska fala ?zmy\u0142a? te tematy?<\/strong><\/p>\n<p class=\"western\" align=\"JUSTIFY\">? Stosunki polsko-rosyjskie s\u0105 zamro\u017cone. Przed Krymem nasze relacje dobrze si\u0119 rozwija\u0142y. Dotyczy to r\u00f3wnie\u017c mojej pracy w Senacie: w ci\u0105gu ostatnich dw\u00f3ch lat, wsp\u00f3lnie z Rosyjsk\u0105 Rad\u0105 Federacji organizowali\u015bmy Forum Region\u00f3w. Po akceptacji aneksji Krymu przez Rad\u0119 Federacji sta\u0142o si\u0119 to niemo\u017cliwe ? odwo\u0142ali\u015bmy Forum. Kilka dni temu otrzyma\u0142em list od Walentyny Matwijenko w zwi\u0105zku z tym, \u017ce zaplanowany rok temu w Petersburgu szczyt szef\u00f3w Senat\u00f3w Europy jest odwo\u0142any z powodu braku zainteresowania nim. Rosja pod wzgl\u0119dem politycznym znajduje si\u0119 w izolacji. Kontakty polityczne s\u0105 zerwane. Wszystko to, w co inwestowa\u0142em moj\u0105 energi\u0119 w ci\u0105gu 10 lat, rozpada si\u0119.<\/p>\n<p class=\"western\" align=\"JUSTIFY\">Dodam: Rosja otrzyma\u0142a Krym, ale straci\u0142a Ukrain\u0119. Nawet je\u015bli tam pojawi si\u0119 prorosyjski rz\u0105d, wci\u0105\u017c b\u0119dzie on \u017c\u0105da\u0142 odpowiedzi na pytanie: a co z Krymem? I stosunek do Rosjan na Ukrainie pogorszy si\u0119 teraz dramatycznie. Niestety.<\/p>\n<p class=\"western\" align=\"JUSTIFY\">Byli\u015bmy przekonani, \u017ce sytuacja w Europie jest stabilna i bezpieczna. A je\u015bli zaczn\u0105 si\u0119 wojny, to w Afryce czy w Azji. Stanowi\u0142o to podstaw\u0119 europejskiej my\u015bli politycznej i planowania. Okaza\u0142o si\u0119 jednak, \u017ce mamy agresywnego s\u0105siada. Teraz nawet Szwedzi i Finowie my\u015bl\u0105 o tym, aby przyst\u0105pi\u0107 do NATO. A my jeste\u015bmy zainteresowani tym, aby jednostki NATO zosta\u0142y rozmieszczone na terenie Polski. Jako \u017ce zmieni\u0142a si\u0119 geografia, musimy wyci\u0105ga\u0107 wnioski. Jest to z\u0142a perspektywa dla nas wszystkich.<br \/>\nM\u00f3wimy o sankcjach i kontr-sankcjach. Ale sp\u00f3jrzmy na potencja\u0142 Rosji, UE i USA. Stosunek potencja\u0142u ekonomicznego Rosji do UE i USA wynosi 1 do 40, za\u015b stosunek wydatk\u00f3w na si\u0142y zbrojne ? odpowiednio 1 do 15. Rosyjski potencja\u0142 militarny, wy\u0142\u0105czywszy bro\u0144 j\u0105drow\u0105, jest znacznie mniejszy.<\/p>\n<p class=\"western\" align=\"JUSTIFY\">Jest takie polskie przys\u0142owie: nim gruby schudnie, tym chudy umrze. Je\u015bli rozpocznie si\u0119 wojna gospodarcza, wynik b\u0119dzie \u0142atwy do przewidzenia.<\/p>\n<p class=\"western\" align=\"JUSTIFY\">Poszukiwane s\u0105 rozwi\u0105zania w zakresie dostaw gazu dla Europy. Na przyk\u0142ad, budowane s\u0105 interkonektory gazowe Polska-Czechy i Polska-S\u0142owacja oraz gazoport na granicy z Niemcami, kt\u00f3ry b\u0119dzie m\u00f3g\u0142 przyjmowa\u0107 sze\u015b\u0107 miliard\u00f3w metr\u00f3w sze\u015bciennych gazu rocznie. I jest jeszcze gaz \u0142upkowy. Ale oczywi\u015bcie nie chcieliby\u015bmy rezygnowa\u0107 z rosyjskiego gazu. Mamy inwestycje w gazoci\u0105gi. No i gaz rosyjski jest ta\u0144szy.<\/p>\n<p class=\"western\" align=\"JUSTIFY\">? <strong>Czy aktualne wydarzenia nie spowoduj\u0105 wzrostu konserwatywno-nacjonalistycznych i r\u00f3wnocze\u015bnie antyrosyjskich nastroj\u00f3w w Polsce?<\/strong><\/p>\n<p class=\"western\" align=\"JUSTIFY\">? Nie. Rozr\u00f3\u017cniamy Rosjan i system w\u0142adzy. Pragn\u0119 zaznaczy\u0107 przy okazji, \u017ce zawsze kiedy jest mowa o moim pokoleniu, to chodzi o sprzeciw wobec re\u017cimu sowieckiego, a nie Rosjan. Znali\u015bmy rosyjski. \u015apiewali\u015bmy piosenki po rosyjsku, zw\u0142aszcza Bu\u0142ata Okud\u017cawy, kt\u00f3ry by\u0142 niesamowicie popularny tutaj&#8230;<\/p>\n<p class=\"western\" align=\"JUSTIFY\">?<strong> 25. rocznica wybor\u00f3w jest powszechnie obchodzona w Polsce. Czy to oznacza, \u017ce ??Wasze pokolenie wype\u0142ni\u0142o swoj\u0105 misj\u0119?<\/strong><\/p>\n<p class=\"western\" align=\"JUSTIFY\">? My, Polacy, osi\u0105gn\u0119li\u015bmy ogromny sukces. Bez przelewu krwi: wszystkie poprzednie powstania przeciw carskiej Rosji i nazistom by\u0142y krwawe. M\u00f3j ojciec walczy\u0142 w podziemiu w czasie wojny, a nast\u0119pnie by\u0142 prze\u015bladowany przez komunist\u00f3w. Nale\u017ca\u0142 do straconego pokolenia, pokolenia przegranych. A my osi\u0105gn\u0119li\u015bmy sukces. Zapewnili\u015bmy bezpiecze\u0144stwo Polski, doprowadzili\u015bmy j\u0105 do NATO i UE. W ci\u0105gu ostatnich lat \u015brednia d\u0142ugo\u015b\u0107 \u017cycia wzros\u0142a o 5 lat. 20 lat temu nasz doch\u00f3d narodowy wynosi\u0142 40% \u015bredniego dochodu w Unii Europejskiej. Teraz ? 70%. Nasze miasta wygl\u0105daj\u0105 zupe\u0142nie inaczej. Wyposa\u017cenie nowych szpitali w Polsce mo\u017cna by por\u00f3wna\u0107 do samochod\u00f3w z fabryki Mercedesa.<\/p>\n<p class=\"western\" align=\"JUSTIFY\">My\u015bla\u0142em, \u017ce mog\u0119 spokojnie przej\u015b\u0107 na emerytur\u0119. Ale nagle okaza\u0142o si\u0119, \u017ce sytuacja wcale nie jest stabilna. Dlatego emerytura b\u0119dzie musia\u0142a poczeka\u0107.<\/p>\n<p class=\"western\" align=\"JUSTIFY\"><em>P.S. Na po\u017cegnanie powiedzia\u0142em Bogdanowi Borusewiczowi, \u017ce mo\u017cliwo\u015b\u0107 pojawienia si\u0119 ?Cz\u0142owieka z \u017celaza? w dzisiejszej Rosji jest zablokowana. ?No tak, nie macie ?Cz\u0142owieka z \u017celaza? ? zauwa\u017cy\u0142 z melancholi\u0105 marsza\u0142ek Senatu. &#8211; Ale macie \u017bele\u017aniaka?.<\/em><\/p>\n<p class=\"western\" align=\"JUSTIFY\"><strong>Autor<\/strong>: Andriej Kolesnikow<\/p>\n<p class=\"western\" align=\"JUSTIFY\"><strong>\u0179r\u00f3d\u0142o w internecie<\/strong>: <a href=\"http:\/\/www.novayagazeta.ru\/politics\/63830.html\" target=\"_blank\">http:\/\/www.novayagazeta.ru\/politics\/63830.html<\/a><\/p>\n<p class=\"western\">Wybory 4 czerwca 1989 roku odby\u0142y si\u0119 na zasadach uzgodnionych podczas obrad Okr\u0105g\u0142ego Sto\u0142u mi\u0119dzy rz\u0105dem i opozycj\u0105. Wybranych zosta\u0142o wtedy 450 pos\u0142\u00f3w na Sejm i 99 senator\u00f3w. 65% mandat\u00f3w w Sejmie by\u0142o zarezerwowanych dla rz\u0105dz\u0105cej PZPR, ale 100% senator\u00f3w zosta\u0142o wybranych w wolnych wyborach. Wszystkie ?niezarezerwowane? miejsca w Sejmie i 99% miejsc w Senacie przypad\u0142o opozycji (Komitet Obywatelski), skoncentrowanej wok\u00f3\u0142 ?Solidarno\u015bci? i Lecha Wa\u0142\u0119sy.<br \/>\nNast\u0119pnie, pomimo faktu, \u017ce w 1989 roku prezydentem zosta\u0142 Wojciech Jaruzelski, powsta\u0142 pierwszy niekomunistyczny rz\u0105d Tadeusza Mazowieckiego. Parlament zatwierdzi\u0142 plan reform Leszka Balcerowicza. Polska Rzeczpospolita Ludowa zosta\u0142a przemianowana na Rzeczpospolit\u0105 Polsk\u0105.<\/p>\n<p><strong>Bogdan Borusewicz<\/strong> ? urodzi\u0142 si\u0119 w 1949 roku. W 1968 roku, b\u0119d\u0105c jeszcze uczniem liceum sztuk plastycznych, zosta\u0142 po raz pierwszy aresztowany za kolporta\u017c ulotek. W drugiej po\u0142owie 1970 roku by\u0142 cz\u0142onkiem Komitetu Obrony Robotnik\u00f3w (KOR), sta\u0142 si\u0119 jednym z za\u0142o\u017cycieli Wolnych Zwi\u0105zk\u00f3w Zawodowych Wybrze\u017ca (WZZW). By\u0142 jednym z g\u0142\u00f3wnych organizator\u00f3w strajku (?Cz\u0142owiek z \u017celaza?) w sierpniu 1980 roku w Stoczni Gda\u0144skiej, wsp\u00f3\u0142organizatorem ?Solidarno\u015bci?, dzia\u0142aczem opozycyjnego podziemia. Aresztowany w 1986 i uwolniony w 1988 roku. W latach dziewi\u0119\u0107dziesi\u0105tych by\u0142 cz\u0142onkiem liberalnej partii ?Unia Wolno\u015bci?, pos\u0142em na Sejm, zast\u0119pc\u0105 Ministra Spraw Wewn\u0119trznych, od 2005 roku ? najpierw senatorem, nast\u0119pnie marsza\u0142kiem Senatu. Od 2013 roku jest wiceprzewodnicz\u0105cym partii ?Platforma Obywatelska?.<\/p>\n<\/div>\n","protected":false},"excerpt":{"rendered":"<p>2014-06-13 W 65-letnim Bogdanie Borusewiczu, marsza\u0142ku Senatu ? izby wy\u017cszej parlamentu? bardzo \u0142atwo da si\u0119 rozpozna\u0107 31-letniego, niewysokiego m\u0119\u017cczyzn\u0119 w zwyk\u0142ej koszulce z d\u0142ugim r\u0119kawem i w kloszach z \u0142atami, kt\u00f3rego zapami\u0119ta\u0142em ze zdj\u0119\u0107,&#46;&#46;&#46;<\/p>\n","protected":false},"author":1,"featured_media":537,"comment_status":"open","ping_status":"open","sticky":false,"template":"","format":"standard","meta":[],"categories":[10],"tags":[12,113],"_links":{"self":[{"href":"http:\/\/b-borusewicz.pl\/index.php\/wp-json\/wp\/v2\/posts\/655"}],"collection":[{"href":"http:\/\/b-borusewicz.pl\/index.php\/wp-json\/wp\/v2\/posts"}],"about":[{"href":"http:\/\/b-borusewicz.pl\/index.php\/wp-json\/wp\/v2\/types\/post"}],"author":[{"embeddable":true,"href":"http:\/\/b-borusewicz.pl\/index.php\/wp-json\/wp\/v2\/users\/1"}],"replies":[{"embeddable":true,"href":"http:\/\/b-borusewicz.pl\/index.php\/wp-json\/wp\/v2\/comments?post=655"}],"version-history":[{"count":2,"href":"http:\/\/b-borusewicz.pl\/index.php\/wp-json\/wp\/v2\/posts\/655\/revisions"}],"predecessor-version":[{"id":781,"href":"http:\/\/b-borusewicz.pl\/index.php\/wp-json\/wp\/v2\/posts\/655\/revisions\/781"}],"wp:featuredmedia":[{"embeddable":true,"href":"http:\/\/b-borusewicz.pl\/index.php\/wp-json\/wp\/v2\/media\/537"}],"wp:attachment":[{"href":"http:\/\/b-borusewicz.pl\/index.php\/wp-json\/wp\/v2\/media?parent=655"}],"wp:term":[{"taxonomy":"category","embeddable":true,"href":"http:\/\/b-borusewicz.pl\/index.php\/wp-json\/wp\/v2\/categories?post=655"},{"taxonomy":"post_tag","embeddable":true,"href":"http:\/\/b-borusewicz.pl\/index.php\/wp-json\/wp\/v2\/tags?post=655"}],"curies":[{"name":"wp","href":"https:\/\/api.w.org\/{rel}","templated":true}]}}