{"id":536,"date":"2015-09-02T07:50:09","date_gmt":"2015-09-02T07:50:09","guid":{"rendered":"http:\/\/b.borusewicz.pl\/?p=536"},"modified":"2015-09-17T14:02:36","modified_gmt":"2015-09-17T14:02:36","slug":"borusewicz-ale-o-co-chodzi-prezydentowi-2","status":"publish","type":"post","link":"http:\/\/b-borusewicz.pl\/index.php\/2015\/09\/02\/borusewicz-ale-o-co-chodzi-prezydentowi-2\/","title":{"rendered":"Borusewicz- Ale o co chodzi Prezydentowi"},"content":{"rendered":"<p><em><strong>PAWE\u0141 WRO\u0143SKI: Panie marsza\u0142ku, prezydent spe\u0142ni\u0142 pana pro\u015bb\u0119 i przes\u0142a\u0142 uzasadnienie wniosku o referendum. Pana zdaniem to uzasadnienie niczego nie uzasadnia.<\/strong><\/em><\/p>\n<p>BOGDAN BORUSEWICZ, MARSZA\u0141EK SENATU: Okre\u015bli\u0142em je &#8222;tautologi\u0105&#8221;. Prosz\u0105c prezydenta o wyja\u015bnienie, stwierdzi\u0142em, \u017ce pytania, szczeg\u00f3lnie o wiek emerytalny, maj\u0105 charakter zbyt og\u00f3lny, wi\u0119c potrzebuj\u0105 doprecyzowania. W odpowiedzi przeczyta\u0142em, \u017ce nie mo\u017cna ich doprecyzowa\u0107, bo maj\u0105 charakter og\u00f3lny i kierunkowy. Ale oczywi\u015bcie to senatorowie oceni\u0105 te wyja\u015bnienia, g\u0142osuj\u0105c za wnioskiem o referendum albo przeciw niemu.<\/p>\n<p><em><strong>Tylko \u017ce i bez tych wyja\u015bnie\u0144 wiadomo by\u0142o, \u017ce senatorowie b\u0119d\u0105 musieli zag\u0142osowa\u0107.<\/strong><\/em><\/p>\n<p>&#8211; Ale chodzi o to, by mieli jak najwi\u0119cej informacji. Na przyk\u0142ad by wiedzieli, w jakich warunkach to referendum ma si\u0119 odby\u0107. Przypomn\u0119 &#8211; r\u00f3wnocze\u015bnie z wyborami parlamentarnymi. Otrzymali\u015bmy opini\u0119 Pa\u0144stwowej Komisji Wyborczej. Prawnie oczywi\u015bcie jest to mo\u017cliwe, ale istnieje ca\u0142y szereg sprzeczno\u015bci, kt\u00f3re moim zdaniem nie zosta\u0142y usuni\u0119te. Konieczna jest zmiana zarz\u0105dzenia ministra spraw wewn\u0119trznych w sprawie organizacji wybor\u00f3w. Referendum i wybory odbywaj\u0105 si\u0119 w innych godzinach: wybory 7-21, referendum 6-22. Pytanie zasadnicze: co z lud\u017ami, kt\u00f3rzy b\u0119d\u0105 chcieli g\u0142osowa\u0107 do parlamentu wcze\u015bniej i p\u00f3\u017aniej? Drugie to spos\u00f3b liczenia frekwencji. Frekwencja w referendum ma znaczenie zasadnicze, bo decyduje, czy referendum jest wa\u017cne, czy nie. Mamy jedn\u0105 list\u0119 wyborc\u00f3w, jedn\u0105 urn\u0119. B\u0119d\u0105 na niej zaznaczeni ci, kt\u00f3rzy g\u0142osuj\u0105 w wyborach, ale i ci, co w referendum. Kto\u015b mo\u017ce nie chcie\u0107 g\u0142osowa\u0107 w referendum, a tylko w wyborach lub odwrotnie. Kto\u015b mo\u017ce jedn\u0105 kart\u0119 wrzuci\u0107 do urny, innej nie. Boj\u0119 si\u0119 kompletnego zamieszania. W opinii PKW, kt\u00f3r\u0105 otrzyma\u0142em, znajduje si\u0119 stwierdzenie, \u017ce konieczne s\u0105 szczeg\u00f3\u0142owe analizy, kt\u00f3re b\u0119dzie mo\u017cna wyda\u0107 &#8222;dopiero po ewentualnej zgodzie Senatu&#8221; na referendum. A ja w\u0142a\u015bnie chc\u0119 unikn\u0105\u0107 sytuacji, gdy zasady b\u0119d\u0105 ustalane ad hoc, w trakcie. Prezydent, je\u015bli chcia\u0142 o takie referendum wyst\u0105pi\u0107, powinien dzia\u0142a\u0107 na rzecz niwelowania tych problem\u00f3w. Potrzebne by\u0142y konsultacje. Nie wiem, czy by\u0142a przeprowadzana konsultacja z PKW i innymi instytucjami, cho\u0107by z szefem MSZ, bo z marsza\u0142kiem Senatu, czyli ze mn\u0105, na pewno nie.<\/p>\n<p><em><strong>Og\u00f3lnie jednak przedstawiciele PKW m\u00f3wi\u0105, \u017ce si\u0119 da.<\/strong><\/em><\/p>\n<p>&#8211; Je\u015bli pada stwierdzenie, \u017ce &#8222;si\u0119 da&#8221;, to chc\u0119 wiedzie\u0107, jak &#8222;si\u0119 da&#8221;. Natomiast je\u015bli chodzi o prezydenta, to uwa\u017cam, \u017ce przedstawienie podstawowych informacji na temat skutk\u00f3w finansowych wyja\u015bni senatorom, nad czym b\u0119dziemy w\u0142a\u015bciwie g\u0142osowali. Ka\u017cde obni\u017cenie wieku emerytalnego rodzi inne skutki. Tak w zasadzie to pytanie brzmi: &#8222;Czy chce pan\/pani pracowa\u0107 kr\u00f3cej?&#8221;. Ka\u017cdy odpowie, \u017ce tak. Ale naprawd\u0119 powinno brzmie\u0107: &#8222;Czy chcesz pracowa\u0107 kr\u00f3cej, ale otrzyma\u0107 mniejsz\u0105 emerytur\u0119?&#8221;. Wtedy ka\u017cdy najpierw zapyta: &#8222;O ile mniejsz\u0105?&#8221;.<\/p>\n<p><em><strong>To prezydent Komorowski pierwszy zaproponowa\u0142 referendum. Ale wtedy nie zwr\u00f3ci\u0142 si\u0119 pan do niego z wnioskiem o wyja\u015bnienie pyta\u0144.<\/strong><\/em><\/p>\n<p>&#8211; Tylko \u017ce skutki finansowe tego, co zaproponowa\u0142 prezydent Komorowski, s\u0105 znikome. No bo jakie? Powr\u00f3t do bud\u017cetu 100 mln z\u0142, kt\u00f3re wydawane s\u0105 na finansowanie partii? Jakie s\u0105 finansowe skutki wprowadzenia jednomandatowych okr\u0119g\u00f3w wyborczych? Niewielkie albo \u017cadne. Natomiast pytanie dotycz\u0105ce odwr\u00f3cenia reformy emerytalnej w r\u00f3\u017cnych wariantach oznacza skutki finansowe rz\u0119du setek miliard\u00f3w z\u0142otych. Mo\u017ce zaplecze prezydenta ma inne wyliczenia, z kt\u00f3rych wynika, \u017ce skutki finansowe b\u0119d\u0105 niewielkie? Na przyk\u0142ad chc\u0105 obni\u017cy\u0107 wiek emerytalny o miesi\u0105c? Chcia\u0142bym, aby senatorzy wiedzieli, za czym g\u0142osuj\u0105, by\u015bmy mieli podstawy merytorycznej dyskusji. Oczywi\u015bcie z samymi pytaniami nic ju\u017c nie mo\u017cna zrobi\u0107, nie mo\u017cna ich zmieni\u0107. Mo\u017cna je tylko przyj\u0105\u0107 albo odrzuci\u0107.<\/p>\n<p><em><strong>Czy to nie jest tak, \u017ce pan chce by\u0107 bardziej odpowiedzialny za pa\u0144stwo od prezydenta? Prezydent jest najwy\u017cszym przedstawicielem pa\u0144stwa. On twierdzi, \u017ce trzeba obni\u017cy\u0107 wiek emerytalny, cho\u0107 nie m\u00f3wi o ile. A pieni\u0105dze na to si\u0119 znajd\u0105.<\/strong><\/em><\/p>\n<p>&#8211; Stoj\u0119 na czele Senatu, kt\u00f3ry jest elementem w\u0142adzy ustawodawczej. Demokracja polega na tym, \u017ce w\u0142adza wykonawcza i ustawodawcza dzia\u0142aj\u0105 niezale\u017cnie od siebie. Senatorowie maj\u0105 obowi\u0105zek podejmowania decyzji zgodnie z w\u0142asnym sumieniem. Prezydentowi powinno zale\u017ce\u0107, by podejmowali decyzj\u0119 \u015bwiadomie, dysponuj\u0105c jak najszersz\u0105 wiedz\u0105. Odwr\u00f3cenie reformy emerytalnej jest tak fundamentaln\u0105 spraw\u0105 dla przysz\u0142ych pokole\u0144 i naszych finans\u00f3w, \u017ce nie mo\u017cemy pope\u0142ni\u0107 b\u0142\u0119du.<\/p>\n<p><em><strong>W ten spos\u00f3b po\u015brednio zak\u0142ada pan niewiedz\u0119 lub z\u0142\u0105 wol\u0119 prezydenta.<\/strong><\/em><\/p>\n<p>&#8211; Nie, ja zak\u0142adam dobr\u0105 wol\u0119 prezydenta. Mam nadziej\u0119, \u017ce i on zak\u0142ada moj\u0105 dobr\u0105 wol\u0119.<\/p>\n<p><em><strong>Prosz\u0119 wybaczy\u0107, ale sprawa wydaje si\u0119 prosta. Prezydent liczy, \u017ce Senat w poczuciu odpowiedzialno\u015bci odrzuci jego wniosek o referendum. W\u00f3wczas przed wyborami PiS oskar\u017cy PO, kt\u00f3ra ma przewag\u0119 w Senacie, \u017ce nie s\u0142ucha g\u0142osu Polak\u00f3w. To jest zagrywka w kampanii wyborczej.<\/strong><\/em><\/p>\n<p>&#8211; Tu wchodzimy na grunt polityki. Szkoda, \u017ce nie rozmawiali\u015bmy bezpo\u015brednio po wyborach prezydenckich. Bo ja bym panu powiedzia\u0142, \u017ce tak si\u0119 stanie. By\u0142em pewny, \u017ce to nast\u0105pi.<\/p>\n<p><em><strong>Spodziewa\u0142 si\u0119 pan, \u017ce prezydent b\u0119dzie wnioskowa\u0142, by referendum odby\u0142o si\u0119 w dzie\u0144 wybor\u00f3w?<\/strong><\/em><\/p>\n<p>&#8211; Oczywi\u015bcie. By\u0142em pewny, szczeg\u00f3lnie gdy liderzy PiS, szefowie kampanii zacz\u0119li o tym m\u00f3wi\u0107. Wa\u017cne, \u017ce prezydent nie zdecydowa\u0142 si\u0119 na dopisanie pyta\u0144 do referendum ju\u017c zarz\u0105dzonego przez prezydenta Komorowskiego, cho\u0107 g\u0142osy, \u017ce mo\u017ce co\u015b takiego zrobi\u0107, si\u0119 pojawi\u0142y. By\u0142oby to naruszenie prawa, wej\u015bcie na niebezpieczn\u0105 drog\u0119 dla pa\u0144stwa i fatalny pocz\u0105tek jego kadencji. Nowe referendum? O tak, prezydent mo\u017ce je zaproponowa\u0107. M\u00f3g\u0142 zaproponowa\u0107 referendum nawet 6 wrze\u015bnia, ale nie zmie\u015bci\u0142 si\u0119 w terminie. To jest post\u0119powanie legalistyczne.<\/p>\n<p><em><strong>Czy stwierdzenie, \u017ce liderzy PiS to m\u00f3wili, jest sugesti\u0105, \u017ce prezydent bierze udzia\u0142 w kampanii wyborczej i gra na pomy\u015blno\u015b\u0107 PiS?<\/strong><\/em><\/p>\n<p>&#8211; Mo\u017ce by\u0107 odwrotnie: to PiS wykorzystuje teraz prezydenta.<\/p>\n<p><em><strong>A czy to si\u0119 odbije na jego dalszej kadencji? Pami\u0119ta pan s\u0142ynne: &#8222;Panie prezesie, melduj\u0119 wykonanie zadania&#8221; Lecha Kaczy\u0144skiego do Jaros\u0142awa? To przes\u0105dzi\u0142o, \u017ce by\u0142 postrzegany jako wykonuj\u0105cy polecenia brata.<\/strong><\/em><\/p>\n<p>&#8211; To ze strony prezydenta Kaczy\u0144skiego by\u0142 \u017cart. Wiem to, bo zna\u0142em poczucie humoru Leszka. Obraz pozosta\u0142 jednak fatalny, niedobry. Czy to referendum zarz\u0105dzone pod dyktando PiS odbije si\u0119 czkawk\u0105 prezydentowi Dudzie? Nie wiem. Gdyby prezydentowi rzeczywi\u015bcie uda\u0142o si\u0119 odwr\u00f3ci\u0107 reform\u0119 emerytaln\u0105 i doprowadzi\u0142oby to do kryzysu finans\u00f3w pa\u0144stwa, to z pewno\u015bci\u0105. Nie mia\u0142em z\u0142udze\u0144, \u017ce PiS b\u0119dzie si\u0119 pos\u0142ugiwa\u0142 jako taranem wyborczym ide\u0105 odwr\u00f3cenia reformy emerytalnej. Ale na zdrowy rozum, je\u015bli oni s\u0105 pewni zwyci\u0119stwa, a tak deklaruj\u0105, to po wyborach b\u0119d\u0105 mogli to zrobi\u0107. Po co to referendum? Dla mnie to, co si\u0119 teraz dzieje, to pr\u00f3ba stworzenia sobie alibi, pr\u00f3ba przerzucenia odpowiedzialno\u015bci za skutki tej decyzji. Po cz\u0119\u015bci na senator\u00f3w, a po cz\u0119\u015bci na spo\u0142ecze\u0144stwo. A decyzje, szczeg\u00f3lnie trudne, powinni podejmowa\u0107 politycy. I za nie odpowiada\u0107.<\/p>\n<p><em><strong>Jest zasadnicza r\u00f3\u017cnica mi\u0119dzy referendum Komorowskiego i referendum Dudy. To drugie z racji po\u0142\u0105czenia z wyborami mo\u017ce by\u0107 wa\u017cne, je\u015bli przekroczy pr\u00f3g 50-proc. frekwencji. Wtedy prezydent Duda b\u0119dzie musia\u0142 znale\u017a\u0107 na to pieni\u0105dze. Wi\u0119c teraz powinien powiedzie\u0107, o jaki wiek emerytalny mu chodzi.<\/strong><\/em><\/p>\n<p>&#8211; Pan sugeruje, \u017ce nale\u017cy PiS pod\u0142o\u017cy\u0107 tak\u0105 min\u0119?<\/p>\n<p><em><strong>Skoro oni twierdz\u0105, \u017ce maj\u0105 na to pieni\u0105dze i chc\u0105 je rozda\u0107, to niech daj\u0105, i to jak najwi\u0119cej.<\/strong><\/em><\/p>\n<p>&#8211; Przepraszam, sfrustrowany obywatel mo\u017ce takie rzeczy wygadywa\u0107, ale nie kto\u015b, kto jest odpowiedzialny za los pa\u0144stwa. Cofni\u0119cie reformy emerytalnej by\u0142oby tragedi\u0105 dla naszych dzieci. Bo poziom ich emerytur by\u0142by tragicznie niski. Spo\u0142ecze\u0144stwo si\u0119 starzeje. Tych, kt\u00f3rzy pracuj\u0105, b\u0119dzie coraz mniej, a tych, co nie pracuj\u0105, coraz wi\u0119cej.<\/p>\n<p><em><strong>Pan m\u00f3wi o odpowiedzialno\u015bci, ale w Polsce toczy si\u0119 walka polityczna, w kt\u00f3rej przysz\u0142e pokolenia nie s\u0105 argumentem.<\/strong><\/em><\/p>\n<p>&#8211; Zgoda, toczy si\u0119 walka polityczna. Szermowanie odwr\u00f3ceniem reformy jest raczej narz\u0119dziem do przej\u0119cia w\u0142adzy, a nie celem. Celem jest gruntowna zmiana kraju. Tu nie chodzi jednak o przej\u0119cie w\u0142adzy przez jedn\u0105 formacj\u0119 od drugiej. W jakim kierunku PiS chce zmienia\u0107 Polsk\u0119? Jest projekt konstytucji PiS z 2010 r., tam to wida\u0107.<\/p>\n<p><em><strong>Lech Kaczy\u0144ski w 2010 r. m\u00f3wi\u0142, \u017ce to projekt &#8222;nie na te czasy&#8221;, politycy PiS twierdz\u0105 dzi\u015b, \u017ce jest nieaktualny.<\/strong><\/em><\/p>\n<p>&#8211; Jaros\u0142aw Kaczy\u0144ski go nie zdezawuowa\u0142. Znam mniej wi\u0119cej jego pogl\u0105dy na temat konstytucji: jemu bli\u017csza by\u0142a autorytarna konstytucja kwietniowa z 1935 r. ni\u017c demokratyczna marcowa z 1921 r. Konstytucja z 1935 r. zamaza\u0142a tr\u00f3jpodzia\u0142 w\u0142adzy, silnie wzmocni\u0142a w\u0142adz\u0119 wykonawcz\u0105, a cz\u0119\u015b\u0107 praw obywatelskich z konstytucji marcowej rozmy\u0142a. Uwsp\u00f3\u0142cze\u015bnienie tych idei mamy &#8211; to W\u0119gry pod rz\u0105dami Viktora Orb\u00e1na, kt\u00f3rym PiS si\u0119 fascynuje. Teraz troch\u0119 mniej ze wzgl\u0119du na jego prorosyjskie tendencje. Opieraj\u0105c si\u0119 na tym przyk\u0142adzie i zapowiedziach PiS mo\u017cna przypuszcza\u0107, co b\u0119dzie robi\u0142 PiS. Na pocz\u0105tek podporz\u0105dkowanie prokuratury ministrowi sprawiedliwo\u015bci, potem podporz\u0105dkowanie s\u0105downictwa. Kolejne zadanie to podporz\u0105dkowanie Trybuna\u0142u Konstytucyjnego. Wystarczy zmieni\u0107 ustaw\u0119: zmniejszy\u0107 liczb\u0119 s\u0119dzi\u00f3w i wyd\u0142u\u017cy\u0107 kadencj\u0119, uzasadniaj\u0105c, \u017ce zwi\u0119ksza to niezale\u017cno\u015b\u0107 Trybuna\u0142u. Kadencja mo\u017ce by\u0107 i do\u017cywotnia. Temu b\u0119dzie towarzyszy\u0142o przej\u0119cie Krajowej Rady Radiofonii i Telewizji oraz medi\u00f3w publicznych. W czerwcu przysz\u0142ego roku ko\u0144czy si\u0119 kadencja prezesa NBP. Tu te\u017c dojdzie do zmiany. Zapewne PiS doprowadzi do przej\u0119cia reszty otwartych funduszy emerytalnych i przekazania do ZUS. Wreszcie &#8211; zmiana konstytucji.<\/p>\n<p>Przedstawiam czarny wariant rozwoju wypadk\u00f3w, ale bardzo prawdopodobny. Politycy PiS wyci\u0105gn\u0119li wnioski z rz\u0105dzenia w latach 2005-07. Oto ich konkluzja: &#8222;Nie nale\u017cy si\u0119 rozdrabnia\u0107, trzeba zacz\u0105\u0107 od rzeczy zasadniczych i zrobi\u0107 to szybko&#8221;. A co jest zasadnicze? Konstytucja i zmiany ustrojowe.<\/p>\n<p><em><strong>Prezydent Duda podziela ten spos\u00f3b my\u015blenia?<\/strong><\/em><\/p>\n<p>&#8211; Prezydent Andrzej Duda m\u00f3wi na razie mgli\u015bcie o zmianie konstytucji. Tylko ja nie wiem do ko\u0144ca, czy prezes w razie wygranej zdecyduje si\u0119 wzmacnia\u0107 w\u0142adz\u0119 prezydenta czy te\u017c premiera. Uwa\u017cam, \u017ce je\u015bli PiS wygra wybory parlamentarne, to b\u0119dzie wzmacnia\u0142 w\u0142adz\u0119 premiera, bo nad premierem b\u0119dzie mia\u0142 kontrol\u0119. Prezydent Duda stanie si\u0119 ju\u017c mniej potrzebny, zejdzie na drugi plan. Przypuszczam te\u017c, \u017ce w\u00f3wczas Beata Szyd\u0142o b\u0119dzie kr\u00f3tko pe\u0142ni\u0142a ten urz\u0105d. Mo\u017ce rok. Mo\u017ce kr\u00f3cej.<\/p>\n<p><em><strong>I co w\u00f3wczas? Bogdan Borusewicz wr\u00f3ci do Gda\u0144ska i zorganizuje strajk w obronie demokracji? Tylko stoczni ju\u017c nie ma.<\/strong><\/em><\/p>\n<p>&#8211; Wie pan, ilu ludzi pracuje w samym Tr\u00f3jmie\u015bcie w przemy\u015ble stoczniowym? Oko\u0142o 17 tys., z dostawcami b\u0119dzie jakie\u015b 30 tys. To naprawd\u0119 \u015bwietne, nowoczesne zak\u0142ady, powstaj\u0105ce cz\u0119sto na terenach upad\u0142ych stoczni. Tam budowane s\u0105 naprawd\u0119 nowoczesne jednostki. Stocznia Wis\u0142a &#8211; \u015bwietne statki \u015bredniej wielko\u015bci. Stocznia ALU International &#8211; statki o aluminiowych kad\u0142ubach. Stocznia Conrada &#8211; to teraz dwie stocznie: jedna buduje jachty, a w drugiej &#8211; Marine Project &#8211; powstaje pot\u0119\u017cny okr\u0119t \u017caglowy. Stocznia Remontowa jest najwi\u0119ksz\u0105 stoczni\u0105 remontow\u0105 w Europie, teraz przygotowuje si\u0119 do budowy platform wiertniczych i te\u017c zbudowa\u0142a du\u017cy \u017caglowiec dla Algierii. Remontowa Shipbuilding w dawnej Stoczni P\u00f3\u0142nocnej opanowa\u0142a ca\u0142y rynek prom\u00f3w z nap\u0119dem gazowym w Norwegii. Na terenie Stoczni Gdy\u0144skiej s\u0105 teraz trzy stocznie. No i Stocznia Gda\u0144ska &#8211; w\u0142asno\u015b\u0107 ukrai\u0144ska, najs\u0142absza. Jak ja s\u0142ysza\u0142em polityka PiS, kt\u00f3ry krzycza\u0142, \u017ce zrujnowali\u015bmy stocznie, to pomy\u015bla\u0142em, \u017ce nie wie, o czym m\u00f3wi.<\/p>\n<p>Po drugie, nie wiem, czy to, co proponuje PiS, jest zagro\u017ceniem dla demokracji. Skoro patrzymy na wzorzec &#8211; czyli W\u0119gry Orb\u00e1na &#8211; nie mo\u017cna powiedzie\u0107, \u017ce jest to kraj, kt\u00f3ry jest krajem niedemokratycznym, cho\u0107 zbli\u017cy\u0142 si\u0119 do granicy tego, co za demokratyczne uwa\u017camy. Nie ma wi\u0119c jeszcze powodu do protest\u00f3w.<\/p>\n<p><strong>Bogdan Borusewicz<\/strong><br \/>\nDzia\u0142acz opozycyjny, polityk, wiceprzewodnicz\u0105cy PO. Urodzi\u0142 si\u0119 w 1949 roku w Lidzbarku Warmi\u0144skim, aresztowany po raz pierwszy w 1968 roku za rozrzucanie ulotek. Student Katolickiego Uniwersytetu Lubelskiego, w latach 70. dzia\u0142acz Wolnych Zwi\u0105zk\u00f3w Zawodowych i jeden z redaktor\u00f3w podziemnego &#8222;Robotnika&#8221;. W sierpniu 1980 roku by\u0142 organizatorem strajku w Stoczni im. Lenina w Gda\u0144sku i jednym z jego przyw\u00f3dc\u00f3w. W stanie wojennym organizowa\u0142 podziemny zwi\u0105zek. Wiceprzewodnicz\u0105cy &#8222;Solidarno\u015bci&#8221; &#8211; kandydat na nast\u0119pc\u0119 po Lechu Wa\u0142\u0119sie. W 2005 roku senator popierany przez PiS i PO. Od 2005 roku marsza\u0142ek Senatu, najpierw z PiS, potem z PO (w wyborach prezydenckich popar\u0142 Lecha Kaczy\u0144skiego).<br \/>\n<em>(PW)<\/em><\/p>\n<p><a href=\"http:\/\/wyborcza.pl\/politykaekstra\/1,148009,18677106,borusewicz-ale-o-co-chodzi-prezydentowi.html\">&#8222;Gazeta Wyborcza&#8221;<\/a><\/p>\n<p>&nbsp;<\/p>\n","protected":false},"excerpt":{"rendered":"<p>PAWE\u0141 WRO\u0143SKI: Panie marsza\u0142ku, prezydent spe\u0142ni\u0142 pana pro\u015bb\u0119 i przes\u0142a\u0142 uzasadnienie wniosku o referendum. Pana zdaniem to uzasadnienie niczego nie uzasadnia. BOGDAN BORUSEWICZ, MARSZA\u0141EK SENATU: Okre\u015bli\u0142em je &#8222;tautologi\u0105&#8221;. Prosz\u0105c prezydenta o wyja\u015bnienie, stwierdzi\u0142em, \u017ce&#46;&#46;&#46;<\/p>\n","protected":false},"author":1,"featured_media":537,"comment_status":"open","ping_status":"open","sticky":false,"template":"","format":"standard","meta":[],"categories":[10],"tags":[12,114,113],"_links":{"self":[{"href":"http:\/\/b-borusewicz.pl\/index.php\/wp-json\/wp\/v2\/posts\/536"}],"collection":[{"href":"http:\/\/b-borusewicz.pl\/index.php\/wp-json\/wp\/v2\/posts"}],"about":[{"href":"http:\/\/b-borusewicz.pl\/index.php\/wp-json\/wp\/v2\/types\/post"}],"author":[{"embeddable":true,"href":"http:\/\/b-borusewicz.pl\/index.php\/wp-json\/wp\/v2\/users\/1"}],"replies":[{"embeddable":true,"href":"http:\/\/b-borusewicz.pl\/index.php\/wp-json\/wp\/v2\/comments?post=536"}],"version-history":[{"count":3,"href":"http:\/\/b-borusewicz.pl\/index.php\/wp-json\/wp\/v2\/posts\/536\/revisions"}],"predecessor-version":[{"id":665,"href":"http:\/\/b-borusewicz.pl\/index.php\/wp-json\/wp\/v2\/posts\/536\/revisions\/665"}],"wp:featuredmedia":[{"embeddable":true,"href":"http:\/\/b-borusewicz.pl\/index.php\/wp-json\/wp\/v2\/media\/537"}],"wp:attachment":[{"href":"http:\/\/b-borusewicz.pl\/index.php\/wp-json\/wp\/v2\/media?parent=536"}],"wp:term":[{"taxonomy":"category","embeddable":true,"href":"http:\/\/b-borusewicz.pl\/index.php\/wp-json\/wp\/v2\/categories?post=536"},{"taxonomy":"post_tag","embeddable":true,"href":"http:\/\/b-borusewicz.pl\/index.php\/wp-json\/wp\/v2\/tags?post=536"}],"curies":[{"name":"wp","href":"https:\/\/api.w.org\/{rel}","templated":true}]}}