{"id":491,"date":"2015-05-04T06:41:04","date_gmt":"2015-05-04T06:41:04","guid":{"rendered":"http:\/\/b.borusewicz.pl\/?p=491"},"modified":"2015-09-16T06:42:46","modified_gmt":"2015-09-16T06:42:46","slug":"pozegnanie-prof-wladyslawa-bartoszewskiego","status":"publish","type":"post","link":"http:\/\/b-borusewicz.pl\/index.php\/2015\/05\/04\/pozegnanie-prof-wladyslawa-bartoszewskiego\/","title":{"rendered":"Po\u017cegnanie prof. W\u0142adys\u0142awa Bartoszewskiego"},"content":{"rendered":"<div class=\"Zajawka\">\n<p>Podczas uroczysto\u015bci pogrzebowych prof. W\u0142adys\u0142awa Bartoszewskiego, kt\u00f3re odby\u0142y si\u0119 4 maja w archikatedrze warszawskiej, \u017cegna\u0142 zmar\u0142ego marsza\u0142ek Senatu RP Bogdan Borusewicz.<\/p>\n<\/div>\n<div class=\"Tresc\">\n<p>Marsza\u0142ek powiedzia\u0142 m.in.: ?Bartoszewski to cztery r\u00f3\u017cne epoki. R\u00f3\u017cne, ale w ka\u017cdej z tych epok zawsze by\u0142 po dobrej stronie: po stronie prawdy, po stronie Polski, po stronie porozumienia?. \u017begna\u0142 profesora w imieniu swoim i student\u00f3w KUL, stwierdzi\u0142, \u017ce W\u0142adys\u0142aw Bartoszewski na wyk\u0142adach ?M\u00f3wi\u0142 o Polskim Pa\u0144stwie Podziemnym, o tym, \u017ce w czasach strasznych, najgorszych trwa\u0142a praca nad now\u0105 Polsk\u0105, nad Polsk\u0105 demokratyczn\u0105, tolerancyjn\u0105, otwart\u0105 na innych (?) M\u00f3wi\u0142 nam o tym na wyk\u0142adach i wiedzieli\u015bmy, \u017ce nie by\u0142 tylko teoretykiem, ale swoim \u017cyciem za\u015bwiadcza\u0142 o tym, o czym m\u00f3wi\u0142. M\u00f3wi\u0142 do nas, s\u0105dz\u0105c, \u017ce p\u00f3jdziemy dalej t\u0105 drog\u0105. (?) Jego przyk\u0142ad osobisty, nie tylko teoretyczny wyk\u0142ad, by\u0142 dla nas, student\u00f3w, dla mojego pokolenia niezmiernie wa\u017cny?.<\/p>\n<p>Zauwa\u017cy\u0142, \u017ce W\u0142adys\u0142aw Bartoszewski by\u0142 pomostem mi\u0119dzy pokoleniem Polak\u00f3w wychowanych przed wojn\u0105 a pokoleniem, ?kt\u00f3re wchodzi\u0142o w doros\u0142e \u017cycie w okresie okupacji hitlerowskiej, a potem w czarn\u0105 noc stalinowskiej w\u0142adzy?.<\/p>\n<p>Na zako\u0144czenie m\u00f3wi\u0142: ?\u017begnam go jako senatora, marsza\u0142ka seniora, ale tak\u017ce \u017cegnam go jako swojego profesora i profesora dla nast\u0119pnych pokole\u0144, kt\u00f3re ju\u017c mog\u0142y wej\u015b\u0107 w doros\u0142e \u017cycie \u015bwiadome, czym jest patriotyzm, niepodleg\u0142o\u015b\u0107 i demokracja. Sk\u0142adam mu ho\u0142d. Sk\u0142adam wyrazy wsp\u00f3\u0142czucia dla rodziny, ma\u0142\u017conki. Pani Zofio, b\u0119dziemy pami\u0119ta\u0107 o naszym profesorze?.<\/p>\n<p><a href=\"http:\/\/www.senat.gov.pl\/aktualnosci\/art,7902,pozegnanie-prof-wladyslawa-bartoszewskiego.html\">Wi\u0119cej<\/a><\/p>\n<\/div>\n","protected":false},"excerpt":{"rendered":"<p>Podczas uroczysto\u015bci pogrzebowych prof. W\u0142adys\u0142awa Bartoszewskiego, kt\u00f3re odby\u0142y si\u0119 4 maja w archikatedrze warszawskiej, \u017cegna\u0142 zmar\u0142ego marsza\u0142ek Senatu RP Bogdan Borusewicz. Marsza\u0142ek powiedzia\u0142 m.in.: ?Bartoszewski to cztery r\u00f3\u017cne epoki. R\u00f3\u017cne, ale w ka\u017cdej z&#46;&#46;&#46;<\/p>\n","protected":false},"author":1,"featured_media":0,"comment_status":"open","ping_status":"open","sticky":false,"template":"","format":"standard","meta":[],"categories":[9],"tags":[94,29],"_links":{"self":[{"href":"http:\/\/b-borusewicz.pl\/index.php\/wp-json\/wp\/v2\/posts\/491"}],"collection":[{"href":"http:\/\/b-borusewicz.pl\/index.php\/wp-json\/wp\/v2\/posts"}],"about":[{"href":"http:\/\/b-borusewicz.pl\/index.php\/wp-json\/wp\/v2\/types\/post"}],"author":[{"embeddable":true,"href":"http:\/\/b-borusewicz.pl\/index.php\/wp-json\/wp\/v2\/users\/1"}],"replies":[{"embeddable":true,"href":"http:\/\/b-borusewicz.pl\/index.php\/wp-json\/wp\/v2\/comments?post=491"}],"version-history":[{"count":1,"href":"http:\/\/b-borusewicz.pl\/index.php\/wp-json\/wp\/v2\/posts\/491\/revisions"}],"predecessor-version":[{"id":492,"href":"http:\/\/b-borusewicz.pl\/index.php\/wp-json\/wp\/v2\/posts\/491\/revisions\/492"}],"wp:attachment":[{"href":"http:\/\/b-borusewicz.pl\/index.php\/wp-json\/wp\/v2\/media?parent=491"}],"wp:term":[{"taxonomy":"category","embeddable":true,"href":"http:\/\/b-borusewicz.pl\/index.php\/wp-json\/wp\/v2\/categories?post=491"},{"taxonomy":"post_tag","embeddable":true,"href":"http:\/\/b-borusewicz.pl\/index.php\/wp-json\/wp\/v2\/tags?post=491"}],"curies":[{"name":"wp","href":"https:\/\/api.w.org\/{rel}","templated":true}]}}