{"id":406,"date":"2015-06-27T15:02:19","date_gmt":"2015-06-27T15:02:19","guid":{"rendered":"http:\/\/b.borusewicz.pl\/?p=406"},"modified":"2015-09-27T03:51:27","modified_gmt":"2015-09-27T03:51:27","slug":"xxiv-miedzynarodowy-turniej-rycerski-w-gniewie-nwisla","status":"publish","type":"post","link":"http:\/\/b-borusewicz.pl\/index.php\/2015\/06\/27\/xxiv-miedzynarodowy-turniej-rycerski-w-gniewie-nwisla\/","title":{"rendered":"XXIV Mi\u0119dzynarodowy Turniej Rycerski w Gniewie n\/Wis\u0142\u0105"},"content":{"rendered":"<div class=\"Zajawka\">\n<p><strong>W sobot\u0119 27 czerwca Marsza\u0142ek Senatu RP wzi\u0105\u0142 udzia\u0142 w ceremonii otwarcia XXIV Mi\u0119dzynarodowego Turnieju Rycerskiego Kr\u00f3la Jana III Sobieskiego.<\/strong><\/p>\n<\/div>\n<div class=\"Tresc\">\n<p>Z rycerzami z Wielkiej Brytanii, Holandii i Stan\u00f3w Zjednoczonych w szranki stawali rycerze przybyli z r\u00f3\u017cnych stron Polski. Pi\u0119knie prezentowa\u0142y si\u0119 konie i je\u017ad\u017acy w historycznych strojach. Emocje wzbudza\u0142y gonitwy sprawno\u015bciowe i gonitwy turniejowe. W\u015br\u00f3d zawodnik\u00f3w nie mog\u0142o zabrakn\u0105\u0107 Jaros\u0142awa Struczy\u0144skiego -obecnego prezesa zarz\u0105du fundacji ?Europejski Park Historyczny w Zamku Gniew?, dzi\u0119ki kt\u00f3rego wieloletniemu zaanga\u017cowaniu Gniew jest jednym z wiod\u0105cych w Polsce o\u015brodk\u00f3w popularyzowania historii . Opr\u00f3cz obecnego Turnieju Rycerskiego co roku w sierpniu odbywa si\u0119 tu widowisko? Vivat Vasa? i wiele innych imprez.<\/p>\n<p><a name=\"_GoBack\"><\/a>Fakt, \u017ce Gniewskie Turnieje odbywaj\u0105 si\u0119 w malowniczej scenerii co roku pi\u0119kniej\u0105cego zamku nad Wis\u0142\u0105, jest dodatkowym magnesem dla zagranicznych rycerzy. Np. w tym roku w ekipie s\u0119dziowskiej jest Brytyjczyk, kt\u00f3ry by\u0142 zwyci\u0119zca zesz\u0142orocznego turnieju w Gniewie.<\/p>\n<p>Fot. Ma\u0142gorzata G\u0142adysz<\/p>\n\n\t\t<style type=\"text\/css\">\n\t\t\t#gallery-1 {\n\t\t\t\tmargin: auto;\n\t\t\t}\n\t\t\t#gallery-1 .gallery-item {\n\t\t\t\tfloat: left;\n\t\t\t\tmargin-top: 10px;\n\t\t\t\ttext-align: center;\n\t\t\t\twidth: 33%;\n\t\t\t}\n\t\t\t#gallery-1 img {\n\t\t\t\tborder: 2px solid #cfcfcf;\n\t\t\t}\n\t\t\t#gallery-1 .gallery-caption {\n\t\t\t\tmargin-left: 0;\n\t\t\t}\n\t\t\t\/* see gallery_shortcode() in wp-includes\/media.php *\/\n\t\t<\/style>\n\t\t<div id='gallery-1' class='gallery galleryid-406 gallery-columns-3 gallery-size-medium'><dl class='gallery-item'>\n\t\t\t<dt class='gallery-icon landscape'>\n\t\t\t\t<a href='http:\/\/b-borusewicz.pl\/wp-content\/uploads\/2015\/06\/024.jpg' title=\"\" data-rl_title=\"\" class=\"rl-gallery-link\" data-rl_caption=\"\" data-rel=\"lightbox-gallery-1\"><img width=\"300\" height=\"210\" src=\"http:\/\/b-borusewicz.pl\/wp-content\/uploads\/2015\/06\/024-300x210.jpg\" class=\"attachment-medium size-medium\" alt=\"\" loading=\"lazy\" srcset=\"http:\/\/b-borusewicz.pl\/wp-content\/uploads\/2015\/06\/024-300x210.jpg 300w, http:\/\/b-borusewicz.pl\/wp-content\/uploads\/2015\/06\/024.jpg 1024w\" sizes=\"(max-width: 300px) 100vw, 300px\" \/><\/a>\n\t\t\t<\/dt><\/dl><dl class='gallery-item'>\n\t\t\t<dt class='gallery-icon landscape'>\n\t\t\t\t<a href='http:\/\/b-borusewicz.pl\/wp-content\/uploads\/2015\/06\/029.jpg' title=\"\" data-rl_title=\"\" class=\"rl-gallery-link\" data-rl_caption=\"\" data-rel=\"lightbox-gallery-1\"><img width=\"300\" height=\"225\" src=\"http:\/\/b-borusewicz.pl\/wp-content\/uploads\/2015\/06\/029-300x225.jpg\" class=\"attachment-medium size-medium\" alt=\"\" loading=\"lazy\" srcset=\"http:\/\/b-borusewicz.pl\/wp-content\/uploads\/2015\/06\/029-300x225.jpg 300w, http:\/\/b-borusewicz.pl\/wp-content\/uploads\/2015\/06\/029.jpg 1024w\" sizes=\"(max-width: 300px) 100vw, 300px\" \/><\/a>\n\t\t\t<\/dt><\/dl><dl class='gallery-item'>\n\t\t\t<dt class='gallery-icon landscape'>\n\t\t\t\t<a href='http:\/\/b-borusewicz.pl\/wp-content\/uploads\/2015\/06\/025.jpg' title=\"\" data-rl_title=\"\" class=\"rl-gallery-link\" data-rl_caption=\"\" data-rel=\"lightbox-gallery-1\"><img width=\"300\" height=\"189\" src=\"http:\/\/b-borusewicz.pl\/wp-content\/uploads\/2015\/06\/025-300x189.jpg\" class=\"attachment-medium size-medium\" alt=\"\" loading=\"lazy\" srcset=\"http:\/\/b-borusewicz.pl\/wp-content\/uploads\/2015\/06\/025-300x189.jpg 300w, http:\/\/b-borusewicz.pl\/wp-content\/uploads\/2015\/06\/025.jpg 1024w\" sizes=\"(max-width: 300px) 100vw, 300px\" \/><\/a>\n\t\t\t<\/dt><\/dl><br style=\"clear: both\" \/>\n\t\t<\/div>\n\n<\/div>\n","protected":false},"excerpt":{"rendered":"<p>W sobot\u0119 27 czerwca Marsza\u0142ek Senatu RP wzi\u0105\u0142 udzia\u0142 w ceremonii otwarcia XXIV Mi\u0119dzynarodowego Turnieju Rycerskiego Kr\u00f3la Jana III Sobieskiego. Z rycerzami z Wielkiej Brytanii, Holandii i Stan\u00f3w Zjednoczonych w szranki stawali rycerze przybyli&#46;&#46;&#46;<\/p>\n","protected":false},"author":1,"featured_media":576,"comment_status":"open","ping_status":"open","sticky":false,"template":"","format":"standard","meta":[],"categories":[9],"tags":[66,21,67],"_links":{"self":[{"href":"http:\/\/b-borusewicz.pl\/index.php\/wp-json\/wp\/v2\/posts\/406"}],"collection":[{"href":"http:\/\/b-borusewicz.pl\/index.php\/wp-json\/wp\/v2\/posts"}],"about":[{"href":"http:\/\/b-borusewicz.pl\/index.php\/wp-json\/wp\/v2\/types\/post"}],"author":[{"embeddable":true,"href":"http:\/\/b-borusewicz.pl\/index.php\/wp-json\/wp\/v2\/users\/1"}],"replies":[{"embeddable":true,"href":"http:\/\/b-borusewicz.pl\/index.php\/wp-json\/wp\/v2\/comments?post=406"}],"version-history":[{"count":3,"href":"http:\/\/b-borusewicz.pl\/index.php\/wp-json\/wp\/v2\/posts\/406\/revisions"}],"predecessor-version":[{"id":578,"href":"http:\/\/b-borusewicz.pl\/index.php\/wp-json\/wp\/v2\/posts\/406\/revisions\/578"}],"wp:featuredmedia":[{"embeddable":true,"href":"http:\/\/b-borusewicz.pl\/index.php\/wp-json\/wp\/v2\/media\/576"}],"wp:attachment":[{"href":"http:\/\/b-borusewicz.pl\/index.php\/wp-json\/wp\/v2\/media?parent=406"}],"wp:term":[{"taxonomy":"category","embeddable":true,"href":"http:\/\/b-borusewicz.pl\/index.php\/wp-json\/wp\/v2\/categories?post=406"},{"taxonomy":"post_tag","embeddable":true,"href":"http:\/\/b-borusewicz.pl\/index.php\/wp-json\/wp\/v2\/tags?post=406"}],"curies":[{"name":"wp","href":"https:\/\/api.w.org\/{rel}","templated":true}]}}