{"id":404,"date":"2015-06-28T14:59:58","date_gmt":"2015-06-28T14:59:58","guid":{"rendered":"http:\/\/b.borusewicz.pl\/?p=404"},"modified":"2015-09-27T03:59:00","modified_gmt":"2015-09-27T03:59:00","slug":"70-lecie-radia-gdansk","status":"publish","type":"post","link":"http:\/\/b-borusewicz.pl\/index.php\/2015\/06\/28\/70-lecie-radia-gdansk\/","title":{"rendered":"70-lecie Radia Gda\u0144sk"},"content":{"rendered":"<div class=\"Zajawka\">\n\n\t\t<style type=\"text\/css\">\n\t\t\t#gallery-1 {\n\t\t\t\tmargin: auto;\n\t\t\t}\n\t\t\t#gallery-1 .gallery-item {\n\t\t\t\tfloat: left;\n\t\t\t\tmargin-top: 10px;\n\t\t\t\ttext-align: center;\n\t\t\t\twidth: 33%;\n\t\t\t}\n\t\t\t#gallery-1 img {\n\t\t\t\tborder: 2px solid #cfcfcf;\n\t\t\t}\n\t\t\t#gallery-1 .gallery-caption {\n\t\t\t\tmargin-left: 0;\n\t\t\t}\n\t\t\t\/* see gallery_shortcode() in wp-includes\/media.php *\/\n\t\t<\/style>\n\t\t<div id='gallery-1' class='gallery galleryid-404 gallery-columns-3 gallery-size-medium'><dl class='gallery-item'>\n\t\t\t<dt class='gallery-icon landscape'>\n\t\t\t\t<a href='http:\/\/b-borusewicz.pl\/wp-content\/uploads\/2015\/06\/033-21.jpg' title=\"\" data-rl_title=\"\" class=\"rl-gallery-link\" data-rl_caption=\"\" data-rel=\"lightbox-gallery-1\"><img width=\"300\" height=\"225\" src=\"http:\/\/b-borusewicz.pl\/wp-content\/uploads\/2015\/06\/033-21-300x225.jpg\" class=\"attachment-medium size-medium\" alt=\"\" loading=\"lazy\" srcset=\"http:\/\/b-borusewicz.pl\/wp-content\/uploads\/2015\/06\/033-21-300x225.jpg 300w, http:\/\/b-borusewicz.pl\/wp-content\/uploads\/2015\/06\/033-21.jpg 1024w\" sizes=\"(max-width: 300px) 100vw, 300px\" \/><\/a>\n\t\t\t<\/dt><\/dl><dl class='gallery-item'>\n\t\t\t<dt class='gallery-icon landscape'>\n\t\t\t\t<a href='http:\/\/b-borusewicz.pl\/wp-content\/uploads\/2015\/06\/032-21.jpg' title=\"\" data-rl_title=\"\" class=\"rl-gallery-link\" data-rl_caption=\"\" data-rel=\"lightbox-gallery-1\"><img width=\"300\" height=\"225\" src=\"http:\/\/b-borusewicz.pl\/wp-content\/uploads\/2015\/06\/032-21-300x225.jpg\" class=\"attachment-medium size-medium\" alt=\"\" loading=\"lazy\" srcset=\"http:\/\/b-borusewicz.pl\/wp-content\/uploads\/2015\/06\/032-21-300x225.jpg 300w, http:\/\/b-borusewicz.pl\/wp-content\/uploads\/2015\/06\/032-21.jpg 1024w\" sizes=\"(max-width: 300px) 100vw, 300px\" \/><\/a>\n\t\t\t<\/dt><\/dl><dl class='gallery-item'>\n\t\t\t<dt class='gallery-icon landscape'>\n\t\t\t\t<a href='http:\/\/b-borusewicz.pl\/wp-content\/uploads\/2015\/06\/034-22.jpg' title=\"\" data-rl_title=\"\" class=\"rl-gallery-link\" data-rl_caption=\"\" data-rel=\"lightbox-gallery-1\"><img width=\"300\" height=\"225\" src=\"http:\/\/b-borusewicz.pl\/wp-content\/uploads\/2015\/06\/034-22-300x225.jpg\" class=\"attachment-medium size-medium\" alt=\"\" loading=\"lazy\" srcset=\"http:\/\/b-borusewicz.pl\/wp-content\/uploads\/2015\/06\/034-22-300x225.jpg 300w, http:\/\/b-borusewicz.pl\/wp-content\/uploads\/2015\/06\/034-22.jpg 1024w\" sizes=\"(max-width: 300px) 100vw, 300px\" \/><\/a>\n\t\t\t<\/dt><\/dl><br style=\"clear: both\" \/><dl class='gallery-item'>\n\t\t\t<dt class='gallery-icon landscape'>\n\t\t\t\t<a href='http:\/\/b-borusewicz.pl\/wp-content\/uploads\/2015\/06\/035-2.jpg' title=\"\" data-rl_title=\"\" class=\"rl-gallery-link\" data-rl_caption=\"\" data-rel=\"lightbox-gallery-1\"><img width=\"300\" height=\"225\" src=\"http:\/\/b-borusewicz.pl\/wp-content\/uploads\/2015\/06\/035-2-300x225.jpg\" class=\"attachment-medium size-medium\" alt=\"\" loading=\"lazy\" srcset=\"http:\/\/b-borusewicz.pl\/wp-content\/uploads\/2015\/06\/035-2-300x225.jpg 300w, http:\/\/b-borusewicz.pl\/wp-content\/uploads\/2015\/06\/035-2.jpg 1024w\" sizes=\"(max-width: 300px) 100vw, 300px\" \/><\/a>\n\t\t\t<\/dt><\/dl>\n\t\t\t<br style='clear: both' \/>\n\t\t<\/div>\n\n<p>Przypadaj\u0105ce w czerwcu 2015 roku 70-lecie Radia Gda\u0144sk obchodzone by\u0142o \u0142\u0105cznie z organizowanym ju\u017c po raz 15. Festiwalem Teatru Polskiego Radia i Teatru Telewizji Polskiej ?Dwa Teatry?.<\/p>\n<\/div>\n<div class=\"Tresc\">\n<p>R\u00f3wnie\u017c w tym roku przypada 250-ta rocznica powstania teatru publicznego w Polsce oraz 90-ta rocznica powstania Polskiego Radia.<\/p>\n<p>Uroczysta Gala 70-lecia Radia Gda\u0144sk odby\u0142a si\u0119 w niedzielny wiecz\u00f3r 28 czerwca w Europejskim Centrum Solidarno\u015bci w Gda\u0144sku. By\u0142y odznaczenia pa\u0144stwowe i resortowe. Wr\u0119czone te\u017c zosta\u0142y Statuetki Radiowych Osobowo\u015bci Roku.<\/p>\n<p>Marsza\u0142ek Senatu RP Bogdan Borusewicz gratuluj\u0105c gda\u0144skiej rozg\u0142o\u015bni, przekaza\u0142 na r\u0119ce prezesa Lecha Parela senacki medal, a tak\u017ce publikacj\u0119 autorstwa Macieja Pawlaka pt.?Radio Solidarno\u015b\u0107 Gda\u0144sk?.<\/p>\n<p>Gal\u0119 u\u015bwietni\u0142o widowisko s\u0142owno-muzyczne na podstawie tekstu Leopolda Tyrmanda pt. ?FILIP?.<\/p>\n<p>Zdj\u0119cia: Ma\u0142gorzata G\u0142adysz<\/p>\n<\/div>\n","protected":false},"excerpt":{"rendered":"<p>Przypadaj\u0105ce w czerwcu 2015 roku 70-lecie Radia Gda\u0144sk obchodzone by\u0142o \u0142\u0105cznie z organizowanym ju\u017c po raz 15. Festiwalem Teatru Polskiego Radia i Teatru Telewizji Polskiej ?Dwa Teatry?. R\u00f3wnie\u017c w tym roku przypada 250-ta rocznica&#46;&#46;&#46;<\/p>\n","protected":false},"author":1,"featured_media":885,"comment_status":"open","ping_status":"open","sticky":false,"template":"","format":"standard","meta":[],"categories":[9],"tags":[65,21],"_links":{"self":[{"href":"http:\/\/b-borusewicz.pl\/index.php\/wp-json\/wp\/v2\/posts\/404"}],"collection":[{"href":"http:\/\/b-borusewicz.pl\/index.php\/wp-json\/wp\/v2\/posts"}],"about":[{"href":"http:\/\/b-borusewicz.pl\/index.php\/wp-json\/wp\/v2\/types\/post"}],"author":[{"embeddable":true,"href":"http:\/\/b-borusewicz.pl\/index.php\/wp-json\/wp\/v2\/users\/1"}],"replies":[{"embeddable":true,"href":"http:\/\/b-borusewicz.pl\/index.php\/wp-json\/wp\/v2\/comments?post=404"}],"version-history":[{"count":2,"href":"http:\/\/b-borusewicz.pl\/index.php\/wp-json\/wp\/v2\/posts\/404\/revisions"}],"predecessor-version":[{"id":886,"href":"http:\/\/b-borusewicz.pl\/index.php\/wp-json\/wp\/v2\/posts\/404\/revisions\/886"}],"wp:featuredmedia":[{"embeddable":true,"href":"http:\/\/b-borusewicz.pl\/index.php\/wp-json\/wp\/v2\/media\/885"}],"wp:attachment":[{"href":"http:\/\/b-borusewicz.pl\/index.php\/wp-json\/wp\/v2\/media?parent=404"}],"wp:term":[{"taxonomy":"category","embeddable":true,"href":"http:\/\/b-borusewicz.pl\/index.php\/wp-json\/wp\/v2\/categories?post=404"},{"taxonomy":"post_tag","embeddable":true,"href":"http:\/\/b-borusewicz.pl\/index.php\/wp-json\/wp\/v2\/tags?post=404"}],"curies":[{"name":"wp","href":"https:\/\/api.w.org\/{rel}","templated":true}]}}