{"id":3749,"date":"2019-10-29T07:37:25","date_gmt":"2019-10-29T07:37:25","guid":{"rendered":"http:\/\/b-borusewicz.pl\/?p=3749"},"modified":"2019-10-29T07:37:25","modified_gmt":"2019-10-29T07:37:25","slug":"dzieci-w-parlamencie-rp","status":"publish","type":"post","link":"http:\/\/b-borusewicz.pl\/index.php\/2019\/10\/29\/dzieci-w-parlamencie-rp\/","title":{"rendered":"Dzieci w parlamencie RP"},"content":{"rendered":"<p>Podczas IX kadencji Senatu RP wicemarsza\u0142ek Bogdan Borusewicz zaprasza\u0142 m\u0142odzie\u017c szkoln\u0105 na zwiedzanie Senatu i Sejmu. Jedn\u0105 z ostatnich grup by\u0142y dzieci ze szko\u0142y wiejskiej w Sobowidzu. Przedstawiamy relacj\u0119 organizatorki:<\/p>\n<p class=\"western\"><span style=\"font-family: Calibri, serif;\"><span style=\"font-size: medium;\"><b>Szko\u0142a Podstawowa im. Tadeusza Ko\u015bciuszki w Sobowidzu<\/b><\/span><\/span><\/p>\n<p class=\"western\"><span style=\"font-family: Calibri, serif;\"><span style=\"font-size: medium;\"><b>Na<\/b><\/span><\/span> <em><span style=\"font-family: Calibri, serif;\"><span style=\"font-size: medium;\">zaproszenie wicemarsza\u0142ka Senatu<\/span><\/span><\/em> <span style=\"font-family: Calibri, serif;\"><span style=\"font-size: medium;\"><b>RP Bogdana Borusewicza<\/b><\/span><\/span> <span style=\"font-family: Calibri, serif;\"><span style=\"font-size: medium;\"><b>odwiedzili\u015bmy<\/b><\/span><\/span> <span style=\"font-family: Calibri, serif;\"><span style=\"font-size: medium;\"><b>Senat <\/b><\/span><\/span> <span style=\"font-family: Calibri, serif;\"><span style=\"font-size: medium;\"><b>i Sejm RP!<\/b><\/span><\/span><\/p>\n<p class=\"western\"><span style=\"font-family: Calibri, serif;\"><span style=\"font-size: medium;\"><b>Warszawa &#8211; byli\u015bmy, zobaczyli\u015bmy, poznali\u015bmy\u2026.<\/b><\/span><\/span><\/p>\n<p class=\"western\" align=\"justify\"><span style=\"font-family: Calibri, serif;\"><span style=\"font-size: small;\">24.10.19 roku o godz. 3.30 Sobowidza &#8211; wyruszyli\u015bmy na wycieczk\u0119 do Warszawy. Najwi\u0119kszym wyzwaniem dla naszej eskapady (wycieczka z przygodami) by\u0142o <\/span><\/span><span style=\"font-family: Calibri, serif;\"><span style=\"font-size: small;\">nieu\u017cywanie telefon\u00f3w i innych urz\u0105dze\u0144 elektronicznych w okre\u015blonych godzinach. Pocz\u0105tek by\u0142 trudny, w\u0142o\u017cy\u0107 telefon do klasowego pude\u0142ka \u2026, o godz. 7.00-8.00 mogli\u015bmy kontaktowa\u0107 si\u0119 z Rodzicami a potem ponownie telefony do pude\u0142ek a\u017c do godzin wieczornych. Dojechali\u015bmy do Warszawy <\/span><\/span><span style=\"font-family: Calibri, serif;\"><span style=\"font-size: small;\"><b>cel \u2013 Wilan\u00f3w<\/b><\/span><\/span><span style=\"font-family: Calibri, serif;\"><span style=\"font-size: small;\">. <\/span><\/span><span style=\"font-family: Calibri, serif;\"><span style=\"font-size: small;\"><b>Najwa\u017cniejszy punkt naszego programu to Sejm i Senat RP.<\/b><\/span><\/span><\/p>\n<p class=\"western\" align=\"justify\"><span style=\"font-family: Calibri, serif;\"><span style=\"font-size: small;\"><b>Na<\/b><\/span><\/span> <em><span style=\"font-family: Calibri, serif;\"><span style=\"font-size: small;\">zaproszenie wicemarsza\u0142ka Senatu<\/span><\/span><\/em> <span style=\"font-family: Calibri, serif;\"><span style=\"font-size: small;\"><b>RP Bogdana Borusewicza<\/b><\/span><\/span> <span style=\"font-family: Calibri, serif;\"><span style=\"font-size: small;\"><b>odwiedzili\u015bmy<\/b><\/span><\/span> <span style=\"font-family: Calibri, serif;\"><span style=\"font-size: small;\"><b>Senat<\/b><\/span><\/span> <span style=\"font-family: Calibri, serif;\"><span style=\"font-size: small;\"><b>i Sejm RP<\/b><\/span><\/span><span style=\"font-family: Calibri, serif;\"><span style=\"font-size: small;\">. Panie Przewodniczki z wielk\u0105 staranno\u015bci\u0105 zapozna\u0142y nas z rol\u0105 i pracami Sejmu Senaty, budynkami, salami. Na korytarzach Sejmu i Senatu spotkali\u015bmy wielu pos\u0142\u00f3w, znanych ludzi polityki, dziennikarzy. W prezencie od Pana Wicemarsza\u0142ka otrzymali\u015bmy wiele materia\u0142\u00f3w, kt\u00f3re wykorzystamy do naszej szkolnej gazetki, kt\u00f3r\u0105 wsp\u00f3lnie zrobimy na listopadowe \u015bwi\u0119to. <\/span><\/span><\/p>\n<p class=\"western\" align=\"justify\"><span style=\"font-family: Calibri, serif;\"><span style=\"font-size: small;\"><b>Odwiedzili\u015bmy <\/b><\/span><\/span><span style=\"font-family: Calibri, serif;\"><span style=\"font-size: small;\"><b>\u0141azienki Kr\u00f3lewskie<\/b><\/span><\/span><span style=\"font-family: Calibri, serif;\"><span style=\"font-size: small;\"> \u2013 jeden z\u00a0najpi\u0119kniejszych tego typu zespo\u0142\u00f3w w\u00a0Europie, za\u0142o\u017cony w XVII przez\u00a0St. Lubomirskiego. Spacerowe alejki prowadz\u0105 nas do\u00a0Teatru na\u00a0Wodzie. Ostatnim punktem programu wycieczki by\u0142o zwiedzenie <\/span><\/span><span style=\"font-family: Calibri, serif;\"><span style=\"font-size: small;\"><b>Placu Zamkowego, Kolumny Kr\u00f3la Zygmunta III Wazy<\/b><\/span><\/span><span style=\"font-family: Calibri, serif;\"><span style=\"font-size: small;\"> .. na dalej nie by\u0142o ju\u017c czasu\u2026 mo\u017ce jeszcze kiedy\u015b pojedziemy do Warszawy jest tam tyle ciekawych zaj\u0119\u0107 edukacyjnych i niezwykle oryginalnych miejsc. <\/span><\/span><span style=\"font-family: Calibri, serif;\"><span style=\"font-size: small;\"><b>Ten dzie\u0144 by\u0142 pi\u0119kny<\/b><\/span><\/span><span style=\"font-family: Calibri, serif;\"><span style=\"font-size: small;\">, cudowna jesienna pogoda, <\/span><\/span><span style=\"font-family: Calibri, serif;\"><span style=\"font-size: small;\"><b>nie czuli\u015bmy zm\u0119czenia,<\/b><\/span><\/span> <span style=\"font-family: Calibri, serif;\"><span style=\"font-size: small;\"><b>tyle atrakcji, w stolicy<\/b><\/span><\/span> <span style=\"font-family: Calibri, serif;\"><span style=\"font-size: small;\"><b>naszego kraju tutaj<\/b><\/span><\/span> <span style=\"font-family: Calibri, serif;\"><span style=\"font-size: small;\"><b>czas biegnie inaczej<\/b><\/span><\/span><span style=\"font-family: Calibri, serif;\"><span style=\"font-size: small;\">. A mo\u017ce kiedy\u015b, kt\u00f3ry\u015b z uczni\u00f3w naszej Szko\u0142y, za kilka kadencji zasi\u0105dzie w Sejmie lub Senacie RP?<\/span><\/span><\/p>\n<p class=\"western\" align=\"justify\"><span style=\"font-family: Calibri, serif;\"><span style=\"font-size: small;\"><b>Dzi\u0119kujemy Panu Wicemarsza\u0142kowi Bogdanowi Borusewiczowi za zaproszenie:<\/b><\/span><\/span><\/p>\n<p class=\"western\" align=\"justify\"><span style=\"font-family: Calibri, serif;\"><span style=\"font-size: small;\"><b>&#8211; Klasy: 4, 6b,7a <\/b><\/span><\/span><\/p>\n<p class=\"western\" align=\"justify\"><span style=\"font-family: Calibri, serif;\"><span style=\"font-size: small;\"><b>Bo\u017cena Dajnowska dyrektor SP, Aleksandra Nowogrodzka \u2013 kierownik wycieczki, nauczyciele \u2013 Maria Ma\u0107kowska &#8211; Zarzycka, Ma\u0142gorzata D\u0105browska, Violetta Murawska i Rodzice. <\/b><\/span><\/span><\/p>\n<p align=\"justify\"><a href=\"http:\/\/b-borusewicz.pl\/wp-content\/uploads\/2019\/10\/IMG_20191024_150238-1.jpg\" data-rel=\"lightbox-image-0\" data-rl_title=\"\" data-rl_caption=\"\" title=\"\"><img loading=\"lazy\" class=\"aligncenter size-large wp-image-3750\" src=\"http:\/\/b-borusewicz.pl\/wp-content\/uploads\/2019\/10\/IMG_20191024_150238-1-1024x768.jpg\" alt=\"\" width=\"720\" height=\"540\" srcset=\"http:\/\/b-borusewicz.pl\/wp-content\/uploads\/2019\/10\/IMG_20191024_150238-1-1024x768.jpg 1024w, http:\/\/b-borusewicz.pl\/wp-content\/uploads\/2019\/10\/IMG_20191024_150238-1-300x225.jpg 300w, http:\/\/b-borusewicz.pl\/wp-content\/uploads\/2019\/10\/IMG_20191024_150238-1-768x576.jpg 768w, http:\/\/b-borusewicz.pl\/wp-content\/uploads\/2019\/10\/IMG_20191024_150238-1.jpg 2000w\" sizes=\"(max-width: 720px) 100vw, 720px\" \/><\/a> <a href=\"http:\/\/b-borusewicz.pl\/wp-content\/uploads\/2019\/10\/IMG_20191024_145149-1.jpg\" data-rel=\"lightbox-image-1\" data-rl_title=\"\" data-rl_caption=\"\" title=\"\"><img loading=\"lazy\" class=\"aligncenter size-large wp-image-3751\" src=\"http:\/\/b-borusewicz.pl\/wp-content\/uploads\/2019\/10\/IMG_20191024_145149-1-768x1024.jpg\" alt=\"\" width=\"720\" height=\"960\" srcset=\"http:\/\/b-borusewicz.pl\/wp-content\/uploads\/2019\/10\/IMG_20191024_145149-1-768x1024.jpg 768w, http:\/\/b-borusewicz.pl\/wp-content\/uploads\/2019\/10\/IMG_20191024_145149-1-225x300.jpg 225w, http:\/\/b-borusewicz.pl\/wp-content\/uploads\/2019\/10\/IMG_20191024_145149-1.jpg 1500w\" sizes=\"(max-width: 720px) 100vw, 720px\" \/><\/a> <a href=\"http:\/\/b-borusewicz.pl\/wp-content\/uploads\/2019\/10\/IMG_20191024_142503-1.jpg\" data-rel=\"lightbox-image-2\" data-rl_title=\"\" data-rl_caption=\"\" title=\"\"><img loading=\"lazy\" class=\"aligncenter size-large wp-image-3752\" src=\"http:\/\/b-borusewicz.pl\/wp-content\/uploads\/2019\/10\/IMG_20191024_142503-1-768x1024.jpg\" alt=\"\" width=\"720\" height=\"960\" srcset=\"http:\/\/b-borusewicz.pl\/wp-content\/uploads\/2019\/10\/IMG_20191024_142503-1-768x1024.jpg 768w, http:\/\/b-borusewicz.pl\/wp-content\/uploads\/2019\/10\/IMG_20191024_142503-1-225x300.jpg 225w, http:\/\/b-borusewicz.pl\/wp-content\/uploads\/2019\/10\/IMG_20191024_142503-1.jpg 1500w\" sizes=\"(max-width: 720px) 100vw, 720px\" \/><\/a> <a href=\"http:\/\/b-borusewicz.pl\/wp-content\/uploads\/2019\/10\/IMG_20191024_142254-1.jpg\" data-rel=\"lightbox-image-3\" data-rl_title=\"\" data-rl_caption=\"\" title=\"\"><img loading=\"lazy\" class=\"aligncenter size-large wp-image-3753\" src=\"http:\/\/b-borusewicz.pl\/wp-content\/uploads\/2019\/10\/IMG_20191024_142254-1-1024x754.jpg\" alt=\"\" width=\"720\" height=\"530\" srcset=\"http:\/\/b-borusewicz.pl\/wp-content\/uploads\/2019\/10\/IMG_20191024_142254-1-1024x754.jpg 1024w, http:\/\/b-borusewicz.pl\/wp-content\/uploads\/2019\/10\/IMG_20191024_142254-1-300x221.jpg 300w, http:\/\/b-borusewicz.pl\/wp-content\/uploads\/2019\/10\/IMG_20191024_142254-1-768x566.jpg 768w, http:\/\/b-borusewicz.pl\/wp-content\/uploads\/2019\/10\/IMG_20191024_142254-1.jpg 2000w\" sizes=\"(max-width: 720px) 100vw, 720px\" \/><\/a> <a href=\"http:\/\/b-borusewicz.pl\/wp-content\/uploads\/2019\/10\/IMG_20191024_153250-1.jpg\" data-rel=\"lightbox-image-4\" data-rl_title=\"\" data-rl_caption=\"\" title=\"\"><img loading=\"lazy\" class=\"aligncenter size-large wp-image-3754\" src=\"http:\/\/b-borusewicz.pl\/wp-content\/uploads\/2019\/10\/IMG_20191024_153250-1-1024x775.jpg\" alt=\"\" width=\"720\" height=\"545\" srcset=\"http:\/\/b-borusewicz.pl\/wp-content\/uploads\/2019\/10\/IMG_20191024_153250-1-1024x775.jpg 1024w, http:\/\/b-borusewicz.pl\/wp-content\/uploads\/2019\/10\/IMG_20191024_153250-1-300x227.jpg 300w, http:\/\/b-borusewicz.pl\/wp-content\/uploads\/2019\/10\/IMG_20191024_153250-1-768x581.jpg 768w, http:\/\/b-borusewicz.pl\/wp-content\/uploads\/2019\/10\/IMG_20191024_153250-1.jpg 2000w\" sizes=\"(max-width: 720px) 100vw, 720px\" \/><\/a><\/p>\n<p>&nbsp;<\/p>\n","protected":false},"excerpt":{"rendered":"<p>Podczas IX kadencji Senatu RP wicemarsza\u0142ek Bogdan Borusewicz zaprasza\u0142 m\u0142odzie\u017c szkoln\u0105 na zwiedzanie Senatu i Sejmu. Jedn\u0105 z ostatnich grup by\u0142y dzieci ze szko\u0142y wiejskiej w Sobowidzu. Przedstawiamy relacj\u0119 organizatorki: Szko\u0142a Podstawowa im. Tadeusza&#46;&#46;&#46;<\/p>\n","protected":false},"author":1,"featured_media":3753,"comment_status":"closed","ping_status":"closed","sticky":false,"template":"","format":"standard","meta":[],"categories":[9],"tags":[],"_links":{"self":[{"href":"http:\/\/b-borusewicz.pl\/index.php\/wp-json\/wp\/v2\/posts\/3749"}],"collection":[{"href":"http:\/\/b-borusewicz.pl\/index.php\/wp-json\/wp\/v2\/posts"}],"about":[{"href":"http:\/\/b-borusewicz.pl\/index.php\/wp-json\/wp\/v2\/types\/post"}],"author":[{"embeddable":true,"href":"http:\/\/b-borusewicz.pl\/index.php\/wp-json\/wp\/v2\/users\/1"}],"replies":[{"embeddable":true,"href":"http:\/\/b-borusewicz.pl\/index.php\/wp-json\/wp\/v2\/comments?post=3749"}],"version-history":[{"count":1,"href":"http:\/\/b-borusewicz.pl\/index.php\/wp-json\/wp\/v2\/posts\/3749\/revisions"}],"predecessor-version":[{"id":3755,"href":"http:\/\/b-borusewicz.pl\/index.php\/wp-json\/wp\/v2\/posts\/3749\/revisions\/3755"}],"wp:featuredmedia":[{"embeddable":true,"href":"http:\/\/b-borusewicz.pl\/index.php\/wp-json\/wp\/v2\/media\/3753"}],"wp:attachment":[{"href":"http:\/\/b-borusewicz.pl\/index.php\/wp-json\/wp\/v2\/media?parent=3749"}],"wp:term":[{"taxonomy":"category","embeddable":true,"href":"http:\/\/b-borusewicz.pl\/index.php\/wp-json\/wp\/v2\/categories?post=3749"},{"taxonomy":"post_tag","embeddable":true,"href":"http:\/\/b-borusewicz.pl\/index.php\/wp-json\/wp\/v2\/tags?post=3749"}],"curies":[{"name":"wp","href":"https:\/\/api.w.org\/{rel}","templated":true}]}}