{"id":3730,"date":"2019-10-08T08:09:48","date_gmt":"2019-10-08T08:09:48","guid":{"rendered":"http:\/\/b-borusewicz.pl\/?p=3730"},"modified":"2019-10-08T08:09:48","modified_gmt":"2019-10-08T08:09:48","slug":"pogrzeb-kornela-morawieckiego","status":"publish","type":"post","link":"http:\/\/b-borusewicz.pl\/index.php\/2019\/10\/08\/pogrzeb-kornela-morawieckiego\/","title":{"rendered":"Pogrzeb Kornela Morawieckiego"},"content":{"rendered":"<p>Wicemarsza\u0142ek Bogdan Borusewicz uczestniczy\u0142 5 pa\u017adziernika w pogrzebie Kornela Morawieckiego. Oceni\u0142, \u017ce dobrze sta\u0142o si\u0119, \u017ce mia\u0142 charakter pa\u0144stwowy, \u017ale, \u017ce jednocze\u015bnie partyjny. Uwa\u017ca, \u017ce nie by\u0142o to w stylu Kornela, kt\u00f3ry by\u0142 za \u0142\u0105czeniem a nie dzieleniem. Wicemarsza\u0142ka zaskoczy\u0142o kazanie arcybiskupa J\u0119draszewskiego, kt\u00f3re by\u0142o najbardziej polityczne tego dnia. Wspominaj\u0105c pierwsz\u0105 pielgrzymk\u0119 papie\u017ca Jana Paw\u0142a II do Polski w 1979 roku arcybiskup powiedzia\u0142, \u017ce dla niekt\u00f3rych dzia\u0142aczy warszawskiego KOR-u \u201eprzybycie Ojca \u015awi\u0119tego do ojczystego kraju by\u0142o czym\u015b dalekim, wr\u0119cz ideowo obcym\u201d. We wpisie na Facebooku Borusewicz przypomnia\u0142, \u017ce na plac Zwyci\u0119stwa do Warszawy przywi\u00f3z\u0142 z Gda\u0144ska pi\u0119cioosobow\u0105 grup\u0119 WZZ: Andrzeja Bulca, Joann\u0119 i Andrzeja Gwiazd\u00f3w, Alin\u0119 Pienkowsk\u0105 i Ann\u0119 Walentynowicz. Spali w Warszawie u cz\u0142onk\u00f3w KOR, kt\u00f3rzy wszyscy, niezale\u017cnie czy wierzyli czy nie, poszli na msz\u0119. Dlatego, kiedy dwie godziny p\u00f3\u017aniej wita\u0142 si\u0119 z arcybiskupem na cmentarzu, podobnie jak Zofia Romaszewska, powiedzia\u0142 \u201eJestem z KOR\u201d.<br \/>\nKornel Morawiecki szed\u0142 w\u0142asn\u0105 drog\u0105 i wicemarsza\u0142ek cz\u0119sto si\u0119 z nim nie zgadza\u0142, ale nie godzi si\u0119 na to, aby a zmar\u0142ym twierdzi\u0107, \u017ce by\u0142 zdrajc\u0105.<\/p>\n<p><a href=\"http:\/\/b-borusewicz.pl\/wp-content\/uploads\/2019\/10\/05-IMG_1054.jpg\" data-rel=\"lightbox-image-0\" data-rl_title=\"\" data-rl_caption=\"\" title=\"\"><img loading=\"lazy\" class=\"aligncenter size-large wp-image-3731\" src=\"http:\/\/b-borusewicz.pl\/wp-content\/uploads\/2019\/10\/05-IMG_1054-699x1024.jpg\" alt=\"\" width=\"699\" height=\"1024\" srcset=\"http:\/\/b-borusewicz.pl\/wp-content\/uploads\/2019\/10\/05-IMG_1054-699x1024.jpg 699w, http:\/\/b-borusewicz.pl\/wp-content\/uploads\/2019\/10\/05-IMG_1054-205x300.jpg 205w, http:\/\/b-borusewicz.pl\/wp-content\/uploads\/2019\/10\/05-IMG_1054-768x1124.jpg 768w, http:\/\/b-borusewicz.pl\/wp-content\/uploads\/2019\/10\/05-IMG_1054.jpg 1366w\" sizes=\"(max-width: 699px) 100vw, 699px\" \/><\/a> <a href=\"http:\/\/b-borusewicz.pl\/wp-content\/uploads\/2019\/10\/04-IMG_1039.jpg\" data-rel=\"lightbox-image-1\" data-rl_title=\"\" data-rl_caption=\"\" title=\"\"><img loading=\"lazy\" class=\"aligncenter size-large wp-image-3732\" src=\"http:\/\/b-borusewicz.pl\/wp-content\/uploads\/2019\/10\/04-IMG_1039-768x1024.jpg\" alt=\"\" width=\"720\" height=\"960\" srcset=\"http:\/\/b-borusewicz.pl\/wp-content\/uploads\/2019\/10\/04-IMG_1039-768x1024.jpg 768w, http:\/\/b-borusewicz.pl\/wp-content\/uploads\/2019\/10\/04-IMG_1039-225x300.jpg 225w, http:\/\/b-borusewicz.pl\/wp-content\/uploads\/2019\/10\/04-IMG_1039.jpg 1500w\" sizes=\"(max-width: 720px) 100vw, 720px\" \/><\/a> <a href=\"http:\/\/b-borusewicz.pl\/wp-content\/uploads\/2019\/10\/03-IMG_1034.jpg\" data-rel=\"lightbox-image-2\" data-rl_title=\"\" data-rl_caption=\"\" title=\"\"><img loading=\"lazy\" class=\"aligncenter size-large wp-image-3733\" src=\"http:\/\/b-borusewicz.pl\/wp-content\/uploads\/2019\/10\/03-IMG_1034-768x1024.jpg\" alt=\"\" width=\"720\" height=\"960\" srcset=\"http:\/\/b-borusewicz.pl\/wp-content\/uploads\/2019\/10\/03-IMG_1034-768x1024.jpg 768w, http:\/\/b-borusewicz.pl\/wp-content\/uploads\/2019\/10\/03-IMG_1034-225x300.jpg 225w, http:\/\/b-borusewicz.pl\/wp-content\/uploads\/2019\/10\/03-IMG_1034.jpg 1500w\" sizes=\"(max-width: 720px) 100vw, 720px\" \/><\/a> <a href=\"http:\/\/b-borusewicz.pl\/wp-content\/uploads\/2019\/10\/02-IMG_1026.jpg\" data-rel=\"lightbox-image-3\" data-rl_title=\"\" data-rl_caption=\"\" title=\"\"><img loading=\"lazy\" class=\"aligncenter size-large wp-image-3734\" src=\"http:\/\/b-borusewicz.pl\/wp-content\/uploads\/2019\/10\/02-IMG_1026-1024x768.jpg\" alt=\"\" width=\"720\" height=\"540\" srcset=\"http:\/\/b-borusewicz.pl\/wp-content\/uploads\/2019\/10\/02-IMG_1026-1024x768.jpg 1024w, http:\/\/b-borusewicz.pl\/wp-content\/uploads\/2019\/10\/02-IMG_1026-300x225.jpg 300w, http:\/\/b-borusewicz.pl\/wp-content\/uploads\/2019\/10\/02-IMG_1026-768x576.jpg 768w, http:\/\/b-borusewicz.pl\/wp-content\/uploads\/2019\/10\/02-IMG_1026.jpg 2000w\" sizes=\"(max-width: 720px) 100vw, 720px\" \/><\/a> <a href=\"http:\/\/b-borusewicz.pl\/wp-content\/uploads\/2019\/10\/01-IMG_1046.jpg\" data-rel=\"lightbox-image-4\" data-rl_title=\"\" data-rl_caption=\"\" title=\"\"><img loading=\"lazy\" class=\"aligncenter size-large wp-image-3735\" src=\"http:\/\/b-borusewicz.pl\/wp-content\/uploads\/2019\/10\/01-IMG_1046-768x1024.jpg\" alt=\"\" width=\"720\" height=\"960\" srcset=\"http:\/\/b-borusewicz.pl\/wp-content\/uploads\/2019\/10\/01-IMG_1046-768x1024.jpg 768w, http:\/\/b-borusewicz.pl\/wp-content\/uploads\/2019\/10\/01-IMG_1046-225x300.jpg 225w, http:\/\/b-borusewicz.pl\/wp-content\/uploads\/2019\/10\/01-IMG_1046.jpg 1500w\" sizes=\"(max-width: 720px) 100vw, 720px\" \/><\/a><\/p>\n","protected":false},"excerpt":{"rendered":"<p>Wicemarsza\u0142ek Bogdan Borusewicz uczestniczy\u0142 5 pa\u017adziernika w pogrzebie Kornela Morawieckiego. Oceni\u0142, \u017ce dobrze sta\u0142o si\u0119, \u017ce mia\u0142 charakter pa\u0144stwowy, \u017ale, \u017ce jednocze\u015bnie partyjny. Uwa\u017ca, \u017ce nie by\u0142o to w stylu Kornela, kt\u00f3ry by\u0142 za&#46;&#46;&#46;<\/p>\n","protected":false},"author":1,"featured_media":3731,"comment_status":"closed","ping_status":"closed","sticky":false,"template":"","format":"standard","meta":[],"categories":[9],"tags":[],"_links":{"self":[{"href":"http:\/\/b-borusewicz.pl\/index.php\/wp-json\/wp\/v2\/posts\/3730"}],"collection":[{"href":"http:\/\/b-borusewicz.pl\/index.php\/wp-json\/wp\/v2\/posts"}],"about":[{"href":"http:\/\/b-borusewicz.pl\/index.php\/wp-json\/wp\/v2\/types\/post"}],"author":[{"embeddable":true,"href":"http:\/\/b-borusewicz.pl\/index.php\/wp-json\/wp\/v2\/users\/1"}],"replies":[{"embeddable":true,"href":"http:\/\/b-borusewicz.pl\/index.php\/wp-json\/wp\/v2\/comments?post=3730"}],"version-history":[{"count":1,"href":"http:\/\/b-borusewicz.pl\/index.php\/wp-json\/wp\/v2\/posts\/3730\/revisions"}],"predecessor-version":[{"id":3736,"href":"http:\/\/b-borusewicz.pl\/index.php\/wp-json\/wp\/v2\/posts\/3730\/revisions\/3736"}],"wp:featuredmedia":[{"embeddable":true,"href":"http:\/\/b-borusewicz.pl\/index.php\/wp-json\/wp\/v2\/media\/3731"}],"wp:attachment":[{"href":"http:\/\/b-borusewicz.pl\/index.php\/wp-json\/wp\/v2\/media?parent=3730"}],"wp:term":[{"taxonomy":"category","embeddable":true,"href":"http:\/\/b-borusewicz.pl\/index.php\/wp-json\/wp\/v2\/categories?post=3730"},{"taxonomy":"post_tag","embeddable":true,"href":"http:\/\/b-borusewicz.pl\/index.php\/wp-json\/wp\/v2\/tags?post=3730"}],"curies":[{"name":"wp","href":"https:\/\/api.w.org\/{rel}","templated":true}]}}