{"id":1826,"date":"2014-11-07T00:00:00","date_gmt":"2014-11-07T00:00:00","guid":{"rendered":"http:\/\/b.borusewicz.pl\/index.php\/2014\/11\/07\/sesja-rady-miasta-kwidzyn-w-budynku-europejskiego-centrum-solidarnosci-w-gdansku\/"},"modified":"2016-10-26T12:56:11","modified_gmt":"2016-10-26T12:56:11","slug":"sesja-rady-miasta-kwidzyn-w-budynku-europejskiego-centrum-solidarnosci-w-gdansku","status":"publish","type":"post","link":"http:\/\/b-borusewicz.pl\/index.php\/2014\/11\/07\/sesja-rady-miasta-kwidzyn-w-budynku-europejskiego-centrum-solidarnosci-w-gdansku\/","title":{"rendered":"Sesja Rady Miasta Kwidzyn w budynku Europejskiego Centrum Solidarno\u015bci w Gda\u0144sku"},"content":{"rendered":"<div id=\"Zawartosc\"><img src=\"http:\/\/b.borusewicz.pl\/wp-content\/uploads\/2014\/11\/w_889_medium.jpeg\" border=\"0\" class=\"ikona\"\/><\/p>\n<div class=\"Zajawka\">\n<p>Na zaproszenie burmistrza Kwidzyna Andrzeja Krzysztofiaka oraz Przewodnicz\u0105cego Rady Miasta, Marsza\u0142ek Senatu RP Bogdan Borusewicz przyby\u0142 na, ostatni\u0105 w mijaj\u0105cej \u00a0kadencji, sesj\u0119 Rady Miasta Kwidzyna. ?<\/p>\n<\/div>\n<div class=\"Tresc\">\n<p>Podczas \u00a0sesji, kt\u00f3ra odby\u0142a si\u0119 w budynku Europejskiego Centrum Solidarno\u015bci w Gda\u0144sku Pan Marsza\u0142ek otrzyma\u0142 egzemplarz makiety \u00a0mostu w Kwidzynie \u00a0ze \u015bci\u015ble limitowanej serii.<\/p>\n<p>Specjalnym zako\u0144czeniem uroczystej sesji Rady Miasta Kwidzyna by\u0142o zwiedzanie wystawy w Europejskim Centrum Solidarno\u015bci, po kt\u00f3rej oprowadza\u0142 Bogdan Borusewicz.<\/p>\n<\/div>\n<p><img src=\"http:\/\/b.borusewicz.pl\/wp-content\/uploads\/2014\/11\/w_889_a.jpeg\" border=\"1\" class=\"foto\"\/><img src=\"http:\/\/b.borusewicz.pl\/wp-content\/uploads\/2014\/11\/w_889_b.jpeg\" border=\"1\" class=\"foto\"\/><img src=\"http:\/\/b.borusewicz.pl\/wp-content\/uploads\/2014\/11\/w_889_c.jpeg\" border=\"1\" class=\"foto\"\/><img src=\"http:\/\/b.borusewicz.pl\/wp-content\/uploads\/2014\/11\/w_889_d.jpeg\" border=\"1\" class=\"foto\"\/><img src=\"http:\/\/b.borusewicz.pl\/wp-content\/uploads\/2014\/11\/w_889_e.jpeg\" border=\"1\" class=\"foto\"\/>\n<\/div>\n","protected":false},"excerpt":{"rendered":"<p>Na zaproszenie burmistrza Kwidzyna Andrzeja Krzysztofiaka oraz Przewodnicz\u0105cego Rady Miasta, Marsza\u0142ek Senatu RP Bogdan Borusewicz przyby\u0142 na, ostatni\u0105 w mijaj\u0105cej \u00a0kadencji, sesj\u0119 Rady Miasta Kwidzyna. ? Podczas \u00a0sesji, kt\u00f3ra odby\u0142a si\u0119 w budynku Europejskiego&#46;&#46;&#46;<\/p>\n","protected":false},"author":1,"featured_media":3416,"comment_status":"open","ping_status":"open","sticky":false,"template":"","format":"standard","meta":[],"categories":[2,4],"tags":[],"_links":{"self":[{"href":"http:\/\/b-borusewicz.pl\/index.php\/wp-json\/wp\/v2\/posts\/1826"}],"collection":[{"href":"http:\/\/b-borusewicz.pl\/index.php\/wp-json\/wp\/v2\/posts"}],"about":[{"href":"http:\/\/b-borusewicz.pl\/index.php\/wp-json\/wp\/v2\/types\/post"}],"author":[{"embeddable":true,"href":"http:\/\/b-borusewicz.pl\/index.php\/wp-json\/wp\/v2\/users\/1"}],"replies":[{"embeddable":true,"href":"http:\/\/b-borusewicz.pl\/index.php\/wp-json\/wp\/v2\/comments?post=1826"}],"version-history":[{"count":1,"href":"http:\/\/b-borusewicz.pl\/index.php\/wp-json\/wp\/v2\/posts\/1826\/revisions"}],"predecessor-version":[{"id":3422,"href":"http:\/\/b-borusewicz.pl\/index.php\/wp-json\/wp\/v2\/posts\/1826\/revisions\/3422"}],"wp:featuredmedia":[{"embeddable":true,"href":"http:\/\/b-borusewicz.pl\/index.php\/wp-json\/wp\/v2\/media\/3416"}],"wp:attachment":[{"href":"http:\/\/b-borusewicz.pl\/index.php\/wp-json\/wp\/v2\/media?parent=1826"}],"wp:term":[{"taxonomy":"category","embeddable":true,"href":"http:\/\/b-borusewicz.pl\/index.php\/wp-json\/wp\/v2\/categories?post=1826"},{"taxonomy":"post_tag","embeddable":true,"href":"http:\/\/b-borusewicz.pl\/index.php\/wp-json\/wp\/v2\/tags?post=1826"}],"curies":[{"name":"wp","href":"https:\/\/api.w.org\/{rel}","templated":true}]}}