{"id":1815,"date":"2014-09-24T00:00:00","date_gmt":"2014-09-24T00:00:00","guid":{"rendered":"http:\/\/b.borusewicz.pl\/index.php\/2014\/09\/24\/nagrody-w-konkursie-plastycznym-polska-w-kolorze-bialo-czerwonym\/"},"modified":"2016-10-26T12:55:41","modified_gmt":"2016-10-26T12:55:41","slug":"nagrody-w-konkursie-plastycznym-polska-w-kolorze-bialo-czerwonym","status":"publish","type":"post","link":"http:\/\/b-borusewicz.pl\/index.php\/2014\/09\/24\/nagrody-w-konkursie-plastycznym-polska-w-kolorze-bialo-czerwonym\/","title":{"rendered":"Nagrody w konkursie plastycznym ? Polska w kolorze Bia\u0142o ? Czerwonym?"},"content":{"rendered":"<div id=\"Zawartosc\"><img src=\"http:\/\/b.borusewicz.pl\/wp-content\/uploads\/2014\/09\/w_879_medium.jpeg\" border=\"0\" class=\"ikona\"\/><\/p>\n<div class=\"Zajawka\">\n<p>Marsza\u0142ek Senatu RP Bogdan Borusewicz wr\u0119czy\u0142 w Senacie nagrody oraz wyr\u00f3\u017cnienia laureatom konkursu ?Polska w kolorze Bia\u0142o ? Czerwonym?. ?<\/p>\n<\/div>\n<div class=\"Tresc\">\n<p>Celem konkursu by\u0142o zainteresowanie dzieci i m\u0142odzie\u017cy dziedzictwem narodowym, rozwijanie postaw patriotycznych zwi\u0105zanych z to\u017csamo\u015bci\u0105 narodow\u0105. Konkurs zorganizowany zosta\u0142 przez w\u00f3jta gminy Tr\u0105bki Wielkie oraz Szko\u0142\u0119 Podstawow\u0105 w Sobowidzu im. Tadeusza Ko\u015bciuszki.<\/p>\n<p align=\"JUSTIFY\">Autorami nagrodzonych prac s\u0105: Hubert Kostecki, Amelia Lataszewicz, Paulina Czaja, Aleksandra Wazelin, Katarzyna Do\u0142\u0119gowska, Monika Markowska, Kamil K\u0142otkowski, Natalia M\u0105drzejewska, Wiktora Lefanczyk, Jakub Zwiewka, Martyna Gry\u0144, Natalia Pasztaleniec.<\/p>\n<p align=\"JUSTIFY\">Wyr\u00f3\u017cnienia otrzymali: Klaudia Brzeska, Ewelina Cichocka, Maciej Ciep\u0142owski, Ignacy Gielniak-Rolnicki, Julia Jaszczyk, Maja Kici\u0144ska, Emilia Kujawa, Agnieszka Leszka, Jan Machuka, Patryk Majewski, Jakub Mamczarz, Maja Micha\u0142owska, Julia Miernik, Natalia Oleszek, Natalia Popiel, Zuzanna Stawicka, Maria Sulewska, Alicja \u015awietlicka, Krystian Went, Krystian Wieckowski, Natalia Zawistowska.<\/p>\n<p><a href=\"http:\/\/senat.gov.pl\/aktualnosci\/art,7417,nagrody-w-konkursie-plastycznym-polska-w-kolorze-bialo-czerwonym.html\">Wi\u0119cej<\/a> <\/p>\n<p>?<\/p>\n<\/div>\n<p><img src=\"http:\/\/b.borusewicz.pl\/wp-content\/uploads\/2014\/09\/w_879_a.jpeg\" border=\"1\" class=\"foto\"\/><img src=\"http:\/\/b.borusewicz.pl\/wp-content\/uploads\/2014\/09\/w_879_b.jpeg\" border=\"1\" class=\"foto\"\/><img src=\"http:\/\/b.borusewicz.pl\/wp-content\/uploads\/2014\/09\/w_879_c.jpeg\" border=\"1\" class=\"foto\"\/>\n<\/div>\n","protected":false},"excerpt":{"rendered":"<p>Marsza\u0142ek Senatu RP Bogdan Borusewicz wr\u0119czy\u0142 w Senacie nagrody oraz wyr\u00f3\u017cnienia laureatom konkursu ?Polska w kolorze Bia\u0142o ? Czerwonym?. ? Celem konkursu by\u0142o zainteresowanie dzieci i m\u0142odzie\u017cy dziedzictwem narodowym, rozwijanie postaw patriotycznych zwi\u0105zanych z&#46;&#46;&#46;<\/p>\n","protected":false},"author":1,"featured_media":3360,"comment_status":"open","ping_status":"open","sticky":false,"template":"","format":"standard","meta":[],"categories":[2,4],"tags":[],"_links":{"self":[{"href":"http:\/\/b-borusewicz.pl\/index.php\/wp-json\/wp\/v2\/posts\/1815"}],"collection":[{"href":"http:\/\/b-borusewicz.pl\/index.php\/wp-json\/wp\/v2\/posts"}],"about":[{"href":"http:\/\/b-borusewicz.pl\/index.php\/wp-json\/wp\/v2\/types\/post"}],"author":[{"embeddable":true,"href":"http:\/\/b-borusewicz.pl\/index.php\/wp-json\/wp\/v2\/users\/1"}],"replies":[{"embeddable":true,"href":"http:\/\/b-borusewicz.pl\/index.php\/wp-json\/wp\/v2\/comments?post=1815"}],"version-history":[{"count":1,"href":"http:\/\/b-borusewicz.pl\/index.php\/wp-json\/wp\/v2\/posts\/1815\/revisions"}],"predecessor-version":[{"id":3364,"href":"http:\/\/b-borusewicz.pl\/index.php\/wp-json\/wp\/v2\/posts\/1815\/revisions\/3364"}],"wp:featuredmedia":[{"embeddable":true,"href":"http:\/\/b-borusewicz.pl\/index.php\/wp-json\/wp\/v2\/media\/3360"}],"wp:attachment":[{"href":"http:\/\/b-borusewicz.pl\/index.php\/wp-json\/wp\/v2\/media?parent=1815"}],"wp:term":[{"taxonomy":"category","embeddable":true,"href":"http:\/\/b-borusewicz.pl\/index.php\/wp-json\/wp\/v2\/categories?post=1815"},{"taxonomy":"post_tag","embeddable":true,"href":"http:\/\/b-borusewicz.pl\/index.php\/wp-json\/wp\/v2\/tags?post=1815"}],"curies":[{"name":"wp","href":"https:\/\/api.w.org\/{rel}","templated":true}]}}