{"id":1807,"date":"2006-09-27T00:00:00","date_gmt":"2006-09-27T00:00:00","guid":{"rendered":"http:\/\/b.borusewicz.pl\/index.php\/2006\/09\/27\/67-rocznica-utworzenia-polskiego-panstwa-podziemnego-i-szarych-szeregow\/"},"modified":"2006-09-27T00:00:00","modified_gmt":"2006-09-27T00:00:00","slug":"67-rocznica-utworzenia-polskiego-panstwa-podziemnego-i-szarych-szeregow","status":"publish","type":"post","link":"http:\/\/b-borusewicz.pl\/index.php\/2006\/09\/27\/67-rocznica-utworzenia-polskiego-panstwa-podziemnego-i-szarych-szeregow\/","title":{"rendered":"67 rocznica utworzenia Polskiego Pa\u0144stwa Podziemnego i Szarych Szereg\u00f3w"},"content":{"rendered":"<p>W Gda\u0144sku obchodzono 67 rocznic\u0119 utworzenia Polskiego Pa\u0144stwa Podziemnego i Szarych Szereg\u00f3w. Uroczysto\u015bci zorganizowa\u0142o Miasto Gda\u0144sk, Okr\u0119g Pomorski \u015awiatowego Zwi\u0105zku \u017bo\u0142nierzy Armii Krajowej oraz rada Kombatant\u00f3w i Os\u00f3b Represjonowanych Wojew\u00f3dztwa Pomorskiego. Marsza\u0142ek Senatu RP skierowa\u0142 list do organizator\u00f3w i uczestnik\u00f3w rocznicowych uroczysto\u015bci.<!--more--><\/p>\n<div id=\"Zawartosc\">\n<div class=\"Zajawka\"><\/div>\n<div class=\"Tresc\"><em><br \/>\nGda\u0144sk, 27 wrze\u015bnia 2006r.<\/p>\n<p>Szanowni Pa\u0144stwo,<\/p>\n<p>Dzisiejsze uroczysto\u015bci z okazji obchod\u00f3w 67 rocznicy utworzenia Polskiego Pa\u0144stwa Podziemnego <br \/>\ni Szarych Szereg\u00f3w upami\u0119tniaj\u0105 szczeg\u00f3lny okres w dziejach Polski. Utworzenie pod koniec wrze\u015bnia 1939 roku pierwszej konspiracyjnej organizacji niepodleg\u0142o\u015bciowej &#8211; S\u0142u\u017cby Zwyci\u0119stwu Polski rozpocz\u0119\u0142o proces budowania przez Polak\u00f3w w warunkach wojny i okupacji, instytucjonalnej i militarnej struktury pa\u0144stwowej. To przedsi\u0119wzi\u0119cie nie posiada odpowiednika w Europie i na \u015bwiecie.<\/p>\n<p>Wrzesie\u0144 1939 roku zapocz\u0105tkowa\u0142 istnienie na ziemiach okupowanych sprawnie dzia\u0142aj\u0105cych instytucji centralnych i lokalnych, inicjuj\u0105cych i koordynuj\u0105cych wszystkie dzia\u0142ania zwi\u0105zane z zarz\u0105dzaniem oraz funkcjonowaniem Pa\u0144stwa. Polskie Pa\u0144stwo Podziemne to symbol walki zbrojnej i codziennego oporu, po\u015bwi\u0119cenia \u017co\u0142nierzy i m\u0142odzie\u017cy w harcerskich mundurach oraz  trudu tysi\u0119cy Polak\u00f3w wszystkich zawod\u00f3w i \u015brodowisk. <\/p>\n<p>Chcia\u0142bym w tym miejscu z\u0142o\u017cy\u0107 wyrazy najg\u0142\u0119bszego szacunku i wdzi\u0119czno\u015bci obecnym na dzisiejszych obchodach \u017co\u0142nierzom Armii Krajowej, kombatantom i osobom represjonowanym. Oddaj\u0119 ho\u0142d zamordowanym w latach II wojny \u015bwiatowej i w czasach komunistycznego terroru oraz wszystkim zmar\u0142ym tw\u00f3rcom i  obywatelom Polskiego Pa\u0144stwa Podziemnego. Cze\u015b\u0107 Ich Pami\u0119ci!<\/p>\n<p>Bogdan Borusewicz<br \/><\/em><\/p>\n<\/div>\n<\/div>\n","protected":false},"excerpt":{"rendered":"<p>W Gda\u0144sku obchodzono 67 rocznic\u0119 utworzenia Polskiego Pa\u0144stwa Podziemnego i Szarych Szereg\u00f3w. Uroczysto\u015bci zorganizowa\u0142o Miasto Gda\u0144sk, Okr\u0119g Pomorski \u015awiatowego Zwi\u0105zku \u017bo\u0142nierzy Armii Krajowej oraz rada Kombatant\u00f3w i Os\u00f3b Represjonowanych Wojew\u00f3dztwa Pomorskiego. Marsza\u0142ek Senatu RP skierowa\u0142 list do organizator\u00f3w i uczestnik\u00f3w rocznicowych uroczysto\u015bci.<\/p>\n","protected":false},"author":1,"featured_media":0,"comment_status":"open","ping_status":"open","sticky":false,"template":"","format":"standard","meta":[],"categories":[2,4],"tags":[],"_links":{"self":[{"href":"http:\/\/b-borusewicz.pl\/index.php\/wp-json\/wp\/v2\/posts\/1807"}],"collection":[{"href":"http:\/\/b-borusewicz.pl\/index.php\/wp-json\/wp\/v2\/posts"}],"about":[{"href":"http:\/\/b-borusewicz.pl\/index.php\/wp-json\/wp\/v2\/types\/post"}],"author":[{"embeddable":true,"href":"http:\/\/b-borusewicz.pl\/index.php\/wp-json\/wp\/v2\/users\/1"}],"replies":[{"embeddable":true,"href":"http:\/\/b-borusewicz.pl\/index.php\/wp-json\/wp\/v2\/comments?post=1807"}],"version-history":[{"count":0,"href":"http:\/\/b-borusewicz.pl\/index.php\/wp-json\/wp\/v2\/posts\/1807\/revisions"}],"wp:attachment":[{"href":"http:\/\/b-borusewicz.pl\/index.php\/wp-json\/wp\/v2\/media?parent=1807"}],"wp:term":[{"taxonomy":"category","embeddable":true,"href":"http:\/\/b-borusewicz.pl\/index.php\/wp-json\/wp\/v2\/categories?post=1807"},{"taxonomy":"post_tag","embeddable":true,"href":"http:\/\/b-borusewicz.pl\/index.php\/wp-json\/wp\/v2\/tags?post=1807"}],"curies":[{"name":"wp","href":"https:\/\/api.w.org\/{rel}","templated":true}]}}