{"id":1802,"date":"2014-07-26T00:00:00","date_gmt":"2014-07-26T00:00:00","guid":{"rendered":"http:\/\/b.borusewicz.pl\/index.php\/2014\/07\/26\/targi-turystyki-wiejskiej-i-kulturowej-oraz-dni-folkloru-pomorza-w-lubaniu\/"},"modified":"2016-10-26T12:55:10","modified_gmt":"2016-10-26T12:55:10","slug":"targi-turystyki-wiejskiej-i-kulturowej-oraz-dni-folkloru-pomorza-w-lubaniu","status":"publish","type":"post","link":"http:\/\/b-borusewicz.pl\/index.php\/2014\/07\/26\/targi-turystyki-wiejskiej-i-kulturowej-oraz-dni-folkloru-pomorza-w-lubaniu\/","title":{"rendered":"Targi Turystyki Wiejskiej i Kulturowej oraz Dni Folkloru Pomorza w Lubaniu."},"content":{"rendered":"<div id=\"Zawartosc\"><img src=\"http:\/\/b.borusewicz.pl\/wp-content\/uploads\/2014\/07\/w_865_medium.jpeg\" border=\"0\" class=\"ikona\"\/><\/p>\n<div class=\"Zajawka\">\n<p>26 lipca na terenie Targ\u00f3w Rolniczych w Lubaniu po raz pierwszy odby\u0142y si\u0119 Targi Turystyki Wiejskiej i Kulturowej oraz Dni Folkloru Pomorza.?<\/p>\n<\/div>\n<div class=\"Tresc\">\n<p>aMarsza\u0142ek Senatu RP Bogdan Borusewicz z zainteresowaniem obserwowa\u0142 konkursowe wyst\u0119py folklorystycznych zespo\u0142\u00f3w dzieci\u0119cych i m\u0142odzie\u017cowych z r\u00f3\u017cnych stron naszego wojew\u00f3dztwa. Odwiedzi\u0142 te\u017c stoiska oraz wyrazi\u0142 nadziej\u0119, \u017ce ta ciekawa impreza w Lubaniu na sta\u0142e wejdzie do kalendarza wa\u017cnych pomorskich wydarze\u0144.<\/p>\n<\/div>\n<p><img src=\"http:\/\/b.borusewicz.pl\/wp-content\/uploads\/2014\/07\/w_865_a.jpeg\" border=\"1\" class=\"foto\"\/><img src=\"http:\/\/b.borusewicz.pl\/wp-content\/uploads\/2014\/07\/w_865_b.jpeg\" border=\"1\" class=\"foto\"\/><img src=\"http:\/\/b.borusewicz.pl\/wp-content\/uploads\/2014\/07\/w_865_c.jpeg\" border=\"1\" class=\"foto\"\/><img src=\"http:\/\/b.borusewicz.pl\/wp-content\/uploads\/2014\/07\/w_865_d.jpeg\" border=\"1\" class=\"foto\"\/><img src=\"http:\/\/b.borusewicz.pl\/wp-content\/uploads\/2014\/07\/w_865_e.jpeg\" border=\"1\" class=\"foto\"\/>\n<\/div>\n","protected":false},"excerpt":{"rendered":"<p>26 lipca na terenie Targ\u00f3w Rolniczych w Lubaniu po raz pierwszy odby\u0142y si\u0119 Targi Turystyki Wiejskiej i Kulturowej oraz Dni Folkloru Pomorza.? aMarsza\u0142ek Senatu RP Bogdan Borusewicz z zainteresowaniem obserwowa\u0142 konkursowe wyst\u0119py folklorystycznych zespo\u0142\u00f3w&#46;&#46;&#46;<\/p>\n","protected":false},"author":1,"featured_media":3293,"comment_status":"open","ping_status":"open","sticky":false,"template":"","format":"standard","meta":[],"categories":[2,4],"tags":[],"_links":{"self":[{"href":"http:\/\/b-borusewicz.pl\/index.php\/wp-json\/wp\/v2\/posts\/1802"}],"collection":[{"href":"http:\/\/b-borusewicz.pl\/index.php\/wp-json\/wp\/v2\/posts"}],"about":[{"href":"http:\/\/b-borusewicz.pl\/index.php\/wp-json\/wp\/v2\/types\/post"}],"author":[{"embeddable":true,"href":"http:\/\/b-borusewicz.pl\/index.php\/wp-json\/wp\/v2\/users\/1"}],"replies":[{"embeddable":true,"href":"http:\/\/b-borusewicz.pl\/index.php\/wp-json\/wp\/v2\/comments?post=1802"}],"version-history":[{"count":1,"href":"http:\/\/b-borusewicz.pl\/index.php\/wp-json\/wp\/v2\/posts\/1802\/revisions"}],"predecessor-version":[{"id":3299,"href":"http:\/\/b-borusewicz.pl\/index.php\/wp-json\/wp\/v2\/posts\/1802\/revisions\/3299"}],"wp:featuredmedia":[{"embeddable":true,"href":"http:\/\/b-borusewicz.pl\/index.php\/wp-json\/wp\/v2\/media\/3293"}],"wp:attachment":[{"href":"http:\/\/b-borusewicz.pl\/index.php\/wp-json\/wp\/v2\/media?parent=1802"}],"wp:term":[{"taxonomy":"category","embeddable":true,"href":"http:\/\/b-borusewicz.pl\/index.php\/wp-json\/wp\/v2\/categories?post=1802"},{"taxonomy":"post_tag","embeddable":true,"href":"http:\/\/b-borusewicz.pl\/index.php\/wp-json\/wp\/v2\/tags?post=1802"}],"curies":[{"name":"wp","href":"https:\/\/api.w.org\/{rel}","templated":true}]}}