{"id":1791,"date":"2014-05-31T00:00:00","date_gmt":"2014-05-31T00:00:00","guid":{"rendered":"http:\/\/b.borusewicz.pl\/index.php\/2014\/05\/31\/obchody-xv-lecia-samorzadu-powiatowego-w-kartuzach\/"},"modified":"2016-10-26T12:54:53","modified_gmt":"2016-10-26T12:54:53","slug":"obchody-xv-lecia-samorzadu-powiatowego-w-kartuzach","status":"publish","type":"post","link":"http:\/\/b-borusewicz.pl\/index.php\/2014\/05\/31\/obchody-xv-lecia-samorzadu-powiatowego-w-kartuzach\/","title":{"rendered":"Obchody XV-lecia samorz\u0105du powiatowego w Kartuzach"},"content":{"rendered":"<div id=\"Zawartosc\"><img src=\"http:\/\/b.borusewicz.pl\/wp-content\/uploads\/2014\/05\/w_841_medium.jpeg\" border=\"0\" class=\"ikona\"\/><\/p>\n<div class=\"Zajawka\">\n<p>Marsza\u0142ek Senatu RP Bogdan Borusewicz 31-go maja przyby\u0142 do Kartuskiego Centrum Kultury na uroczyst\u0105 sesj\u0119 Rady Powiatu.\u00a0<\/p>\n<\/div>\n<div class=\"Tresc\">\n<p>Zorganizowanie obchod\u00f3w z okazji XV-lecia powstania powiat\u00f3w w Kartuzach mia\u0142o wymiar \u015bwi\u0119ta wszystkich powiat\u00f3w, gdy\u017c Starosta Kartuska Janina Kwiecie\u0144 jest przewodnicz\u0105c\u0105 Konwentu Starost\u00f3w wojew\u00f3dztwa pomorskiego. Jednocze\u015bnie \u015bwi\u0119towano te\u017c 25-lecie pierwszych (cz\u0119\u015bciowo) wolnych wybor\u00f3w, 10-lecie wst\u0105pienia Polski do UE oraz jubileusz wsp\u00f3\u0142pracy z partnerskimi powiatami.<\/p>\n<p>Na obchody przyby\u0142y delegacje z zaprzyja\u017anionych powiat\u00f3w: tatrza\u0144skiego, \u015bwidnickiego i \u0142owickiego, a tak\u017ce ze \u015aniatynia na Ukrainie.<\/p>\n<p>Pi\u0119knie po\u0142o\u017cony w sercu Kaszub powiat kartuski to jeden z najpr\u0119\u017cniej rozwijaj\u0105cych si\u0119 powiat\u00f3w.<\/p>\n<p>Wymieniane przez Pani\u0105 Starost\u0119 zrealizowane przez powiat kartuski w minionych 15-tu latach osi\u0105gni\u0119cia i przedsi\u0119wzi\u0119cia s\u0105 imponuj\u0105ce.<\/p>\n<p>Gratulacjom nie by\u0142o ko\u0144ca. A Marsza\u0142ek Senatu sk\u0142adaj\u0105c \u017cyczenia powiedzia\u0142, \u017ce w latach 80-tych si\u0119 tu ukrywa\u0142 i wspominaj\u0105c tamten czas mo\u017ce oceni\u0107 jakie nastapi\u0142y zmiany na lepsze, jak wraz z ca\u0142\u0105 Polsk\u0105 wypi\u0119knia\u0142y Kartuzy i powiat kartuski.<\/p>\n<p>?<\/p>\n<\/div>\n<p><img src=\"http:\/\/b.borusewicz.pl\/wp-content\/uploads\/2014\/05\/w_841_a.jpeg\" border=\"1\" class=\"foto\"\/><img src=\"http:\/\/b.borusewicz.pl\/wp-content\/uploads\/2014\/05\/w_841_b.jpeg\" border=\"1\" class=\"foto\"\/><img src=\"http:\/\/b.borusewicz.pl\/wp-content\/uploads\/2014\/05\/w_841_c.jpeg\" border=\"1\" class=\"foto\"\/><img src=\"http:\/\/b.borusewicz.pl\/wp-content\/uploads\/2014\/05\/w_841_d.jpeg\" border=\"1\" class=\"foto\"\/><img src=\"http:\/\/b.borusewicz.pl\/wp-content\/uploads\/2014\/05\/w_841_e.jpeg\" border=\"1\" class=\"foto\"\/>\n<\/div>\n","protected":false},"excerpt":{"rendered":"<p>Marsza\u0142ek Senatu RP Bogdan Borusewicz 31-go maja przyby\u0142 do Kartuskiego Centrum Kultury na uroczyst\u0105 sesj\u0119 Rady Powiatu.\u00a0 Zorganizowanie obchod\u00f3w z okazji XV-lecia powstania powiat\u00f3w w Kartuzach mia\u0142o wymiar \u015bwi\u0119ta wszystkich powiat\u00f3w, gdy\u017c Starosta Kartuska&#46;&#46;&#46;<\/p>\n","protected":false},"author":1,"featured_media":3230,"comment_status":"open","ping_status":"open","sticky":false,"template":"","format":"standard","meta":[],"categories":[2,4],"tags":[],"_links":{"self":[{"href":"http:\/\/b-borusewicz.pl\/index.php\/wp-json\/wp\/v2\/posts\/1791"}],"collection":[{"href":"http:\/\/b-borusewicz.pl\/index.php\/wp-json\/wp\/v2\/posts"}],"about":[{"href":"http:\/\/b-borusewicz.pl\/index.php\/wp-json\/wp\/v2\/types\/post"}],"author":[{"embeddable":true,"href":"http:\/\/b-borusewicz.pl\/index.php\/wp-json\/wp\/v2\/users\/1"}],"replies":[{"embeddable":true,"href":"http:\/\/b-borusewicz.pl\/index.php\/wp-json\/wp\/v2\/comments?post=1791"}],"version-history":[{"count":1,"href":"http:\/\/b-borusewicz.pl\/index.php\/wp-json\/wp\/v2\/posts\/1791\/revisions"}],"predecessor-version":[{"id":3236,"href":"http:\/\/b-borusewicz.pl\/index.php\/wp-json\/wp\/v2\/posts\/1791\/revisions\/3236"}],"wp:featuredmedia":[{"embeddable":true,"href":"http:\/\/b-borusewicz.pl\/index.php\/wp-json\/wp\/v2\/media\/3230"}],"wp:attachment":[{"href":"http:\/\/b-borusewicz.pl\/index.php\/wp-json\/wp\/v2\/media?parent=1791"}],"wp:term":[{"taxonomy":"category","embeddable":true,"href":"http:\/\/b-borusewicz.pl\/index.php\/wp-json\/wp\/v2\/categories?post=1791"},{"taxonomy":"post_tag","embeddable":true,"href":"http:\/\/b-borusewicz.pl\/index.php\/wp-json\/wp\/v2\/tags?post=1791"}],"curies":[{"name":"wp","href":"https:\/\/api.w.org\/{rel}","templated":true}]}}