{"id":1790,"date":"2014-05-26T00:00:00","date_gmt":"2014-05-26T00:00:00","guid":{"rendered":"http:\/\/b.borusewicz.pl\/index.php\/2014\/05\/26\/gryf-gospodarczy-2014\/"},"modified":"2016-10-26T12:54:51","modified_gmt":"2016-10-26T12:54:51","slug":"gryf-gospodarczy-2014","status":"publish","type":"post","link":"http:\/\/b-borusewicz.pl\/index.php\/2014\/05\/26\/gryf-gospodarczy-2014\/","title":{"rendered":"?GRYF GOSPODARCZY 2014?"},"content":{"rendered":"<div id=\"Zawartosc\"><img src=\"http:\/\/b.borusewicz.pl\/wp-content\/uploads\/2014\/05\/w_840_medium.jpeg\" border=\"0\" class=\"ikona\"\/><\/p>\n<div class=\"Zajawka\">\n<p>Marsza\u0142ek Senatu RP Bogdan Borusewicz 27 maja w gda\u0144skim Dworze Artusa wzi\u0105\u0142 udzia\u0142 w gali fina\u0142owej konkursu, podczas kt\u00f3rej nagrodzonym pomorskim przedsi\u0119biorcom zosta\u0142y wr\u0119czone statuetki Gryfa Gospodarczego 2014 oraz wyr\u00f3\u017cnienia.?<\/p>\n<\/div>\n<div class=\"Tresc\">\n<p>Nagrodzonymi przez Pomorsk\u0105 Rad\u0119 Przedsi\u0119biorczo\u015bci i Kapitu\u0142\u0119 Gospodarczej Nagrody Pomorskiej 2014 zosta\u0142y nast\u0119puj\u0105ce przedsi\u0119biorstwa:\u00a0<\/p>\n<p>&#8211; w kategorii mikroprzedsi\u0119biorstwo <strong>CH Technika Ch\u0142odnice z Kolbud,<\/strong><\/p>\n<p>-w kategorii ma\u0142ych\u00a0 <strong>INTERMET Przedsiebiorstwo Produkcyjno-Us\u0142ugowe z Cz\u0142uchowa,<\/strong><\/p>\n<p>&#8211; w kategorii \u015brednich <strong>Centrum Techniki Okr\u0119towej SA,<\/strong><\/p>\n<p>&#8211; w kategorii du\u017cych <strong>Zak\u0142ady Farmaceutyczne Polpharma SA,<\/strong><\/p>\n<p class=\"western\" style=\"margin-bottom: 0.35cm;\">a\u00a0 nagrod\u0119 ?Gryfa Medialnego 2014? otrzyma\u0142a firma <strong>Armet Bis z Gdyni.<\/strong><\/p>\n<\/div>\n<p><img src=\"http:\/\/b.borusewicz.pl\/wp-content\/uploads\/2014\/05\/w_840_a.jpeg\" border=\"1\" class=\"foto\"\/><img src=\"http:\/\/b.borusewicz.pl\/wp-content\/uploads\/2014\/05\/w_840_b.jpeg\" border=\"1\" class=\"foto\"\/><img src=\"http:\/\/b.borusewicz.pl\/wp-content\/uploads\/2014\/05\/w_840_c.jpeg\" border=\"1\" class=\"foto\"\/><img src=\"http:\/\/b.borusewicz.pl\/wp-content\/uploads\/2014\/05\/w_840_d.jpeg\" border=\"1\" class=\"foto\"\/>\n<\/div>\n","protected":false},"excerpt":{"rendered":"<p>Marsza\u0142ek Senatu RP Bogdan Borusewicz 27 maja w gda\u0144skim Dworze Artusa wzi\u0105\u0142 udzia\u0142 w gali fina\u0142owej konkursu, podczas kt\u00f3rej nagrodzonym pomorskim przedsi\u0119biorcom zosta\u0142y wr\u0119czone statuetki Gryfa Gospodarczego 2014 oraz wyr\u00f3\u017cnienia.? Nagrodzonymi przez Pomorsk\u0105 Rad\u0119&#46;&#46;&#46;<\/p>\n","protected":false},"author":1,"featured_media":3224,"comment_status":"open","ping_status":"open","sticky":false,"template":"","format":"standard","meta":[],"categories":[2,4],"tags":[],"_links":{"self":[{"href":"http:\/\/b-borusewicz.pl\/index.php\/wp-json\/wp\/v2\/posts\/1790"}],"collection":[{"href":"http:\/\/b-borusewicz.pl\/index.php\/wp-json\/wp\/v2\/posts"}],"about":[{"href":"http:\/\/b-borusewicz.pl\/index.php\/wp-json\/wp\/v2\/types\/post"}],"author":[{"embeddable":true,"href":"http:\/\/b-borusewicz.pl\/index.php\/wp-json\/wp\/v2\/users\/1"}],"replies":[{"embeddable":true,"href":"http:\/\/b-borusewicz.pl\/index.php\/wp-json\/wp\/v2\/comments?post=1790"}],"version-history":[{"count":1,"href":"http:\/\/b-borusewicz.pl\/index.php\/wp-json\/wp\/v2\/posts\/1790\/revisions"}],"predecessor-version":[{"id":3229,"href":"http:\/\/b-borusewicz.pl\/index.php\/wp-json\/wp\/v2\/posts\/1790\/revisions\/3229"}],"wp:featuredmedia":[{"embeddable":true,"href":"http:\/\/b-borusewicz.pl\/index.php\/wp-json\/wp\/v2\/media\/3224"}],"wp:attachment":[{"href":"http:\/\/b-borusewicz.pl\/index.php\/wp-json\/wp\/v2\/media?parent=1790"}],"wp:term":[{"taxonomy":"category","embeddable":true,"href":"http:\/\/b-borusewicz.pl\/index.php\/wp-json\/wp\/v2\/categories?post=1790"},{"taxonomy":"post_tag","embeddable":true,"href":"http:\/\/b-borusewicz.pl\/index.php\/wp-json\/wp\/v2\/tags?post=1790"}],"curies":[{"name":"wp","href":"https:\/\/api.w.org\/{rel}","templated":true}]}}