{"id":1783,"date":"2006-10-06T00:00:00","date_gmt":"2006-10-06T00:00:00","guid":{"rendered":"http:\/\/b.borusewicz.pl\/index.php\/2006\/10\/06\/inauguracja-roku-akademickiego-na-akademii-medycznej-w-gdansku\/"},"modified":"2016-10-26T12:54:42","modified_gmt":"2016-10-26T12:54:42","slug":"inauguracja-roku-akademickiego-na-akademii-medycznej-w-gdansku","status":"publish","type":"post","link":"http:\/\/b-borusewicz.pl\/index.php\/2006\/10\/06\/inauguracja-roku-akademickiego-na-akademii-medycznej-w-gdansku\/","title":{"rendered":"Inauguracja Roku Akademickiego na Akademii Medycznej w Gda\u0144sku"},"content":{"rendered":"<p>Marsza\u0142ek Senatu RP Bogdan Borusewicz uczestniczy\u0142 w inauguracji roku akademickiego 2006\/2007 na Akademii Medycznej w Gda\u0144sku. Uroczysto\u015b\u0107 odby\u0142a si\u0119 w \u015bwie\u017co odremontowanej Sali Anatomii AMG, kt\u00f3ra &#8211; jak powiedzia\u0142 w inauguracyjnym przem\u00f3wieniu Rektor AMG prof. dr hab. Roman Kaliszan ? ?jest symbolem i pomnikiem Uczelni?, a obecnie ?niezwykle uros\u0142a i wypi\u0119knia\u0142a?. <!--more--><\/p>\n<div id=\"Zawartosc\"><img src=\"http:\/\/b.borusewicz.pl\/wp-content\/uploads\/2006\/10\/w_83_medium.jpeg\" border=\"0\" class=\"ikona\"\/><\/p>\n<div class=\"Zajawka\"><\/div>\n<div class=\"Tresc\">W swoim przem\u00f3wieniu rektor podzi\u0119kowa\u0142 marsza\u0142kowi Senatu za \u017cyczliwe zainteresowanie i cenne rady podczas przygotowania wniosku inwestycyjnego dla Centrum Kliniczno ? Innowacyjno ? Dydaktycznego AMG, kt\u00f3ry obecnie uzyska\u0142 poparcie ministra Zbigniewa Religi i zosta\u0142 przedstawiony ministrowi finans\u00f3w.<\/p>\n<p>W 62 inauguracji roku akademickiego na AM wzi\u0119li r\u00f3wnie\u017c udzia\u0142 podsekretarz stanu w ministerstwie zdrowia Anna Gr\u0119ziak, wojewoda pomorski Piotr O\u0142owski, marsza\u0142ek wojew\u00f3dztwa pomorskiego Jan Koz\u0142owski i arcybiskup Tadeusz Goc\u0142owski.<\/p><\/div>\n<p><img src=\"http:\/\/b.borusewicz.pl\/wp-content\/uploads\/2006\/10\/w_83_a.jpeg\" border=\"1\" class=\"foto\"\/><img src=\"http:\/\/b.borusewicz.pl\/wp-content\/uploads\/2006\/10\/w_83_b.jpeg\" border=\"1\" class=\"foto\"\/><img src=\"http:\/\/b.borusewicz.pl\/wp-content\/uploads\/2006\/10\/w_83_c.jpeg\" border=\"1\" class=\"foto\"\/><img src=\"http:\/\/b.borusewicz.pl\/wp-content\/uploads\/2006\/10\/w_83_d.jpeg\" border=\"1\" class=\"foto\"\/>\n<\/div>\n","protected":false},"excerpt":{"rendered":"<p>Marsza\u0142ek Senatu RP Bogdan Borusewicz uczestniczy\u0142 w inauguracji roku akademickiego 2006\/2007 na Akademii Medycznej w Gda\u0144sku. Uroczysto\u015b\u0107 odby\u0142a si\u0119 w \u015bwie\u017co odremontowanej Sali Anatomii AMG, kt\u00f3ra &#8211; jak powiedzia\u0142 w inauguracyjnym przem\u00f3wieniu Rektor AMG prof. dr hab. Roman Kaliszan ? ?jest symbolem i pomnikiem Uczelni?, a obecnie ?niezwykle uros\u0142a i wypi\u0119knia\u0142a?. <\/p>\n","protected":false},"author":1,"featured_media":0,"comment_status":"open","ping_status":"open","sticky":false,"template":"","format":"standard","meta":[],"categories":[2,4],"tags":[],"_links":{"self":[{"href":"http:\/\/b-borusewicz.pl\/index.php\/wp-json\/wp\/v2\/posts\/1783"}],"collection":[{"href":"http:\/\/b-borusewicz.pl\/index.php\/wp-json\/wp\/v2\/posts"}],"about":[{"href":"http:\/\/b-borusewicz.pl\/index.php\/wp-json\/wp\/v2\/types\/post"}],"author":[{"embeddable":true,"href":"http:\/\/b-borusewicz.pl\/index.php\/wp-json\/wp\/v2\/users\/1"}],"replies":[{"embeddable":true,"href":"http:\/\/b-borusewicz.pl\/index.php\/wp-json\/wp\/v2\/comments?post=1783"}],"version-history":[{"count":1,"href":"http:\/\/b-borusewicz.pl\/index.php\/wp-json\/wp\/v2\/posts\/1783\/revisions"}],"predecessor-version":[{"id":3187,"href":"http:\/\/b-borusewicz.pl\/index.php\/wp-json\/wp\/v2\/posts\/1783\/revisions\/3187"}],"wp:attachment":[{"href":"http:\/\/b-borusewicz.pl\/index.php\/wp-json\/wp\/v2\/media?parent=1783"}],"wp:term":[{"taxonomy":"category","embeddable":true,"href":"http:\/\/b-borusewicz.pl\/index.php\/wp-json\/wp\/v2\/categories?post=1783"},{"taxonomy":"post_tag","embeddable":true,"href":"http:\/\/b-borusewicz.pl\/index.php\/wp-json\/wp\/v2\/tags?post=1783"}],"curies":[{"name":"wp","href":"https:\/\/api.w.org\/{rel}","templated":true}]}}