{"id":1770,"date":"2006-09-01T00:00:00","date_gmt":"2006-09-01T00:00:00","guid":{"rendered":"http:\/\/b.borusewicz.pl\/index.php\/2006\/09\/01\/67-rocznica-wybuchu-ii-wojny-swiatowej\/"},"modified":"2016-10-26T12:54:22","modified_gmt":"2016-10-26T12:54:22","slug":"67-rocznica-wybuchu-ii-wojny-swiatowej","status":"publish","type":"post","link":"http:\/\/b-borusewicz.pl\/index.php\/2006\/09\/01\/67-rocznica-wybuchu-ii-wojny-swiatowej\/","title":{"rendered":"67 rocznica wybuchu II wojny \u015bwiatowej"},"content":{"rendered":"<p>Podczas obchod\u00f3w 67 rocznicy wybuchu II wojny \u015bwiatowej w Ka\u0142dowie i Szymankowie marsza\u0142ek Senatu RP Bogdan Borusewicz odda\u0142 ho\u0142d pomordowanym inspektorom celnym i kolejarzom.<!--more--><\/p>\n<div id=\"Zawartosc\"><img src=\"http:\/\/b.borusewicz.pl\/wp-content\/uploads\/2006\/09\/w_79_medium.jpeg\" border=\"0\" class=\"ikona\"\/><\/p>\n<div class=\"Zajawka\"><\/div>\n<div class=\"Tresc\">Uroczysto\u015bci rocznicowe rozpocz\u0119\u0142y si\u0119 w Ka\u0142dowie pod pomnikiem ku czci polskich inspektor\u00f3w celnych, gdzie odby\u0142a si\u0119 modlitwa za poleg\u0142ych inspektor\u00f3w i apel poleg\u0142ych. Nast\u0119pnie w asy\u015bcie celnik\u00f3w i \u017co\u0142nierzy wojska polskiego z\u0142o\u017cono wie\u0144ce. <\/p>\n<p>O czasach pogardy dla \u017cycia ludzkiego m\u00f3wi\u0142 marsza\u0142ek Senatu pod pomnikiem upami\u0119tniaj\u0105cym poleg\u0142ych kolejarzy i inspektor\u00f3w celnych w Szymankowie. Rodziny pomordowanych polskich funkcjonariuszy odebra\u0142y z r\u0105k premiera Jana Olszewskiego, reprezentuj\u0105cego na uroczysto\u015bciach prezydenta Lecha Kaczy\u0144skiego, Krzy\u017ce Kawalerskie Orderu Odrodzenia Polski, nadane po\u015bmiertnie bohaterom przez Prezydenta RP.  Wcze\u015bniej delegacje na czele z marsza\u0142kiem Borusewiczem, z\u0142o\u017cy\u0142y wi\u0105zanki kwiat\u00f3w pod tablic\u0105 umieszczon\u0105 na budynku stacji Szymankowo.   <\/p>\n<p>Zapraszamy do <a href=\"index.cgi%3Faction=16&amp;dir=%252F00767%2520rocznica%2520wybuchu%2520II%2520wojny%2520%25B6wiatowej%252F.html\">galerii zdj\u0119\u0107<\/a><\/p>\n<\/div>\n<\/div>\n","protected":false},"excerpt":{"rendered":"<p>Podczas obchod\u00f3w 67 rocznicy wybuchu II wojny \u015bwiatowej w Ka\u0142dowie i Szymankowie marsza\u0142ek Senatu RP Bogdan Borusewicz odda\u0142 ho\u0142d pomordowanym inspektorom celnym i kolejarzom.<\/p>\n","protected":false},"author":1,"featured_media":0,"comment_status":"open","ping_status":"open","sticky":false,"template":"","format":"standard","meta":[],"categories":[2,4],"tags":[],"_links":{"self":[{"href":"http:\/\/b-borusewicz.pl\/index.php\/wp-json\/wp\/v2\/posts\/1770"}],"collection":[{"href":"http:\/\/b-borusewicz.pl\/index.php\/wp-json\/wp\/v2\/posts"}],"about":[{"href":"http:\/\/b-borusewicz.pl\/index.php\/wp-json\/wp\/v2\/types\/post"}],"author":[{"embeddable":true,"href":"http:\/\/b-borusewicz.pl\/index.php\/wp-json\/wp\/v2\/users\/1"}],"replies":[{"embeddable":true,"href":"http:\/\/b-borusewicz.pl\/index.php\/wp-json\/wp\/v2\/comments?post=1770"}],"version-history":[{"count":1,"href":"http:\/\/b-borusewicz.pl\/index.php\/wp-json\/wp\/v2\/posts\/1770\/revisions"}],"predecessor-version":[{"id":3107,"href":"http:\/\/b-borusewicz.pl\/index.php\/wp-json\/wp\/v2\/posts\/1770\/revisions\/3107"}],"wp:attachment":[{"href":"http:\/\/b-borusewicz.pl\/index.php\/wp-json\/wp\/v2\/media?parent=1770"}],"wp:term":[{"taxonomy":"category","embeddable":true,"href":"http:\/\/b-borusewicz.pl\/index.php\/wp-json\/wp\/v2\/categories?post=1770"},{"taxonomy":"post_tag","embeddable":true,"href":"http:\/\/b-borusewicz.pl\/index.php\/wp-json\/wp\/v2\/tags?post=1770"}],"curies":[{"name":"wp","href":"https:\/\/api.w.org\/{rel}","templated":true}]}}