{"id":1766,"date":"2013-10-08T00:00:00","date_gmt":"2013-10-08T00:00:00","guid":{"rendered":"http:\/\/b.borusewicz.pl\/index.php\/2013\/10\/08\/inauguracja-roku-akademickiego-20132014-w-gdanskim-uniwersytecie-medycznym\/"},"modified":"2016-10-26T12:54:17","modified_gmt":"2016-10-26T12:54:17","slug":"inauguracja-roku-akademickiego-20132014-w-gdanskim-uniwersytecie-medycznym","status":"publish","type":"post","link":"http:\/\/b-borusewicz.pl\/index.php\/2013\/10\/08\/inauguracja-roku-akademickiego-20132014-w-gdanskim-uniwersytecie-medycznym\/","title":{"rendered":"Inauguracja roku akademickiego 2013\/2014 w Gda\u0144skim Uniwersytecie Medycznym"},"content":{"rendered":"<div id=\"Zawartosc\"><img src=\"http:\/\/b.borusewicz.pl\/wp-content\/uploads\/2013\/10\/w_774_medium.jpeg\" border=\"0\" class=\"ikona\"\/><\/p>\n<div class=\"Zajawka\">\n<p>Marsza\u0142ek Senatu RP Bogdan Borusewicz wzi\u0105\u0142 udzia\u0142 w inauguracji roku akademickiego 2013\/2014 w Gda\u0144skim Uniwersytecie Medycznym. Uroczysto\u015b\u0107 o\u0111by\u0142a si\u0119 w Auditorium Primum im.profesora Olgierda Narkiewicza. Rektor GUMed profesor Janusz Mory\u015b przedstawi\u0142 osi\u0105gni\u0119cia Uczelni oraz zamierzenia na przysz\u0142o\u015b\u0107. ?<\/p>\n<\/div>\n<div class=\"Tresc\">\n<p>Aktualnie na gda\u0144skiej uczelni studiuje 5850 student\u00f3w. Po wybudowaniu nowego budynku Centrum Medycyny Inwazyjnej poprawi\u0142y si\u0119 warunki tak\u017ce dla niekt\u00f3rych pozosta\u0142ych klinik, gdy\u017c zaadaptowano dla nich cz\u0119\u015b\u0107 zwolnionych budynk\u00f3w. Pozostaje mie\u0107 nadziej\u0119, \u017ce w niedalekiej przysz\u0142o\u015bci powstanie planowane nowoczesne Centrum Medycyny Nieinwazyjnej i Gda\u0144ski Uniwersytet Medyczny b\u0119dzie mia\u0142 siedzib\u0119 w ca\u0142o\u015bci na miar\u0119 XXI-go wieku.<\/p>\n<p>Po immatrykulacji i \u015blubowaniu przedstawicieli nowoprzyj\u0119tych student\u00f3w, zas\u0142u\u017ceni pracownicy otrzymali odznaczenia pa\u0144stwowe, resortowe i uczelniane.<\/p>\n<p>Opraw\u0119 muzyczn\u0105 uroczysto\u015bci stanowi\u0142 renomowany Ch\u00f3r Gda\u0144skiego Uniwersytetu Medycznego.<\/p>\n<p>?<\/p>\n<\/div>\n<p><img src=\"http:\/\/b.borusewicz.pl\/wp-content\/uploads\/2013\/10\/w_774_a.jpeg\" border=\"1\" class=\"foto\"\/><img src=\"http:\/\/b.borusewicz.pl\/wp-content\/uploads\/2013\/10\/w_774_b.jpeg\" border=\"1\" class=\"foto\"\/><img src=\"http:\/\/b.borusewicz.pl\/wp-content\/uploads\/2013\/10\/w_774_c.jpeg\" border=\"1\" class=\"foto\"\/><img src=\"http:\/\/b.borusewicz.pl\/wp-content\/uploads\/2013\/10\/w_774_d.jpeg\" border=\"1\" class=\"foto\"\/>\n<\/div>\n","protected":false},"excerpt":{"rendered":"<p>Marsza\u0142ek Senatu RP Bogdan Borusewicz wzi\u0105\u0142 udzia\u0142 w inauguracji roku akademickiego 2013\/2014 w Gda\u0144skim Uniwersytecie Medycznym. Uroczysto\u015b\u0107 o\u0111by\u0142a si\u0119 w Auditorium Primum im.profesora Olgierda Narkiewicza. Rektor GUMed profesor Janusz Mory\u015b przedstawi\u0142 osi\u0105gni\u0119cia Uczelni oraz&#46;&#46;&#46;<\/p>\n","protected":false},"author":1,"featured_media":3083,"comment_status":"open","ping_status":"open","sticky":false,"template":"","format":"standard","meta":[],"categories":[2,4],"tags":[],"_links":{"self":[{"href":"http:\/\/b-borusewicz.pl\/index.php\/wp-json\/wp\/v2\/posts\/1766"}],"collection":[{"href":"http:\/\/b-borusewicz.pl\/index.php\/wp-json\/wp\/v2\/posts"}],"about":[{"href":"http:\/\/b-borusewicz.pl\/index.php\/wp-json\/wp\/v2\/types\/post"}],"author":[{"embeddable":true,"href":"http:\/\/b-borusewicz.pl\/index.php\/wp-json\/wp\/v2\/users\/1"}],"replies":[{"embeddable":true,"href":"http:\/\/b-borusewicz.pl\/index.php\/wp-json\/wp\/v2\/comments?post=1766"}],"version-history":[{"count":1,"href":"http:\/\/b-borusewicz.pl\/index.php\/wp-json\/wp\/v2\/posts\/1766\/revisions"}],"predecessor-version":[{"id":3088,"href":"http:\/\/b-borusewicz.pl\/index.php\/wp-json\/wp\/v2\/posts\/1766\/revisions\/3088"}],"wp:featuredmedia":[{"embeddable":true,"href":"http:\/\/b-borusewicz.pl\/index.php\/wp-json\/wp\/v2\/media\/3083"}],"wp:attachment":[{"href":"http:\/\/b-borusewicz.pl\/index.php\/wp-json\/wp\/v2\/media?parent=1766"}],"wp:term":[{"taxonomy":"category","embeddable":true,"href":"http:\/\/b-borusewicz.pl\/index.php\/wp-json\/wp\/v2\/categories?post=1766"},{"taxonomy":"post_tag","embeddable":true,"href":"http:\/\/b-borusewicz.pl\/index.php\/wp-json\/wp\/v2\/tags?post=1766"}],"curies":[{"name":"wp","href":"https:\/\/api.w.org\/{rel}","templated":true}]}}