{"id":1761,"date":"2013-09-01T00:00:00","date_gmt":"2013-09-01T00:00:00","guid":{"rendered":"http:\/\/b.borusewicz.pl\/index.php\/2013\/09\/01\/spotkanie-ze-zwiazkiem-polakow-na-bialorusi\/"},"modified":"2016-10-26T12:54:10","modified_gmt":"2016-10-26T12:54:10","slug":"spotkanie-ze-zwiazkiem-polakow-na-bialorusi","status":"publish","type":"post","link":"http:\/\/b-borusewicz.pl\/index.php\/2013\/09\/01\/spotkanie-ze-zwiazkiem-polakow-na-bialorusi\/","title":{"rendered":"Spotkanie ze Zwi\u0105zkiem Polak\u00f3w na Bia\u0142orusi"},"content":{"rendered":"<div id=\"Zawartosc\"><img src=\"http:\/\/b.borusewicz.pl\/wp-content\/uploads\/2013\/09\/w_765_medium.jpeg\" border=\"0\" class=\"ikona\"\/><\/p>\n<div class=\"Zajawka\">\n<p>Wieczorem 1 wrze\u015bnia 2013 roku Marsza\u0142ek Senatu RP Bogdan Borusewicz spotka\u0142 si\u0119 z grup\u0105 dzia\u0142aczy Zwi\u0105zku Polak\u00f3w na Bia\u0142orusi, kt\u00f3rzy ju\u017c po raz pi\u0105ty przyjechali do Sopotu na zaproszenie Prezydenta Sopotu.?<\/p>\n<\/div>\n<div class=\"Tresc\">\n<p>Polacy z Bia\u0142orusi \u017cyj\u0105 pod sta\u0142\u0105 presj\u0105 re\u017cimu \u0141ukaszenki i jak podkre\u015blali, takie spotkanie z \u017cyczliwymi, wa\u017cnymi osobami stanowi dla nich ?na\u0142adowanie akumulator\u00f3w? do dalszej nie\u0142atwej dzia\u0142alno\u015bci.<\/p>\n<p>By\u0142y d\u0142ugo trwaj\u0105ce ciekawe rozmowy, podczas kt\u00f3rych go\u015bcie opowiadali o swoich problemach.<\/p>\n<p>?<\/p>\n<\/div>\n<p><img src=\"http:\/\/b.borusewicz.pl\/wp-content\/uploads\/2013\/09\/w_765_a.jpeg\" border=\"1\" class=\"foto\"\/><img src=\"http:\/\/b.borusewicz.pl\/wp-content\/uploads\/2013\/09\/w_765_b.jpeg\" border=\"1\" class=\"foto\"\/><img src=\"http:\/\/b.borusewicz.pl\/wp-content\/uploads\/2013\/09\/w_765_c.jpeg\" border=\"1\" class=\"foto\"\/>\n<\/div>\n","protected":false},"excerpt":{"rendered":"<p>Wieczorem 1 wrze\u015bnia 2013 roku Marsza\u0142ek Senatu RP Bogdan Borusewicz spotka\u0142 si\u0119 z grup\u0105 dzia\u0142aczy Zwi\u0105zku Polak\u00f3w na Bia\u0142orusi, kt\u00f3rzy ju\u017c po raz pi\u0105ty przyjechali do Sopotu na zaproszenie Prezydenta Sopotu.? Polacy z Bia\u0142orusi&#46;&#46;&#46;<\/p>\n","protected":false},"author":1,"featured_media":3055,"comment_status":"open","ping_status":"open","sticky":false,"template":"","format":"standard","meta":[],"categories":[2,4],"tags":[],"_links":{"self":[{"href":"http:\/\/b-borusewicz.pl\/index.php\/wp-json\/wp\/v2\/posts\/1761"}],"collection":[{"href":"http:\/\/b-borusewicz.pl\/index.php\/wp-json\/wp\/v2\/posts"}],"about":[{"href":"http:\/\/b-borusewicz.pl\/index.php\/wp-json\/wp\/v2\/types\/post"}],"author":[{"embeddable":true,"href":"http:\/\/b-borusewicz.pl\/index.php\/wp-json\/wp\/v2\/users\/1"}],"replies":[{"embeddable":true,"href":"http:\/\/b-borusewicz.pl\/index.php\/wp-json\/wp\/v2\/comments?post=1761"}],"version-history":[{"count":1,"href":"http:\/\/b-borusewicz.pl\/index.php\/wp-json\/wp\/v2\/posts\/1761\/revisions"}],"predecessor-version":[{"id":3059,"href":"http:\/\/b-borusewicz.pl\/index.php\/wp-json\/wp\/v2\/posts\/1761\/revisions\/3059"}],"wp:featuredmedia":[{"embeddable":true,"href":"http:\/\/b-borusewicz.pl\/index.php\/wp-json\/wp\/v2\/media\/3055"}],"wp:attachment":[{"href":"http:\/\/b-borusewicz.pl\/index.php\/wp-json\/wp\/v2\/media?parent=1761"}],"wp:term":[{"taxonomy":"category","embeddable":true,"href":"http:\/\/b-borusewicz.pl\/index.php\/wp-json\/wp\/v2\/categories?post=1761"},{"taxonomy":"post_tag","embeddable":true,"href":"http:\/\/b-borusewicz.pl\/index.php\/wp-json\/wp\/v2\/tags?post=1761"}],"curies":[{"name":"wp","href":"https:\/\/api.w.org\/{rel}","templated":true}]}}