{"id":1755,"date":"2013-07-26T00:00:00","date_gmt":"2013-07-26T00:00:00","guid":{"rendered":"http:\/\/b.borusewicz.pl\/index.php\/2013\/07\/26\/otwarcie-mostu-w-kwidzynie\/"},"modified":"2016-10-26T12:54:02","modified_gmt":"2016-10-26T12:54:02","slug":"otwarcie-mostu-w-kwidzynie","status":"publish","type":"post","link":"http:\/\/b-borusewicz.pl\/index.php\/2013\/07\/26\/otwarcie-mostu-w-kwidzynie\/","title":{"rendered":"Otwarcie mostu w Kwidzynie"},"content":{"rendered":"<p><!--more--><\/p>\n<div id=\"Zawartosc\"><a href=\"index.cgi%3Faction=01show&amp;idn=759.html#\" onclick=\"javascript:window.open('images\/news\/w_759_big.jpeg\",'obrazek','width=700,height=500,toolbar=no,location=no,scrollbars=yes,resize=no');return false;\" data-rel=\"lightbox-image-0\" data-rl_title=\"\" data-rl_caption=\"\" title=\"\"><img src=\"http:\/\/b.borusewicz.pl\/wp-content\/uploads\/2013\/07\/w_759_medium.jpeg\" border=\"0\" class=\"ikona\"\/><\/a><\/p>\n<div class=\"Zajawka\">\n<p>26 lipca oficjalnie zosta\u0142 otwarty d\u0142ugo oczekiwany most przez Wis\u0142\u0119 w Kwidzynie!<\/p>\n<p>W tym radosnym dla ca\u0142ego Pomorza dniu do Kwidzyna przyjecha\u0142 te\u017c Marsza\u0142ek Senatu RP Bogdan Borusewicz, kt\u00f3ry od pocz\u0105tku kibicowa\u0142 staraniom o zbudowanie mostu, a poproszony o zabranie g\u0142osu wyrazi\u0142 wielk\u0105 rado\u015b\u0107, \u017ce most jest!<\/p>\n<\/div>\n<div class=\"Tresc\">\n<p style=\"margin-bottom: 0cm; line-height: 100%;\"><span style=\"font-family: Calibri,serif;\"><span style=\"font-size: x-small;\"><strong\/>Most prowadzi z pod kwidzy\u0144skiej wsi Lipianki do pod gniewskiej wsi Aplinki.<\/span><\/span><\/p>\n<p style=\"margin-bottom: 0cm; line-height: 100%;\"><span style=\"font-family: Calibri,serif;\"><span style=\"font-size: x-small;\">To jeden z najd\u0142u\u017cszych tego typu most\u00f3w na \u015bwiecie! D\u0142ug\u0105 histori\u0119 stara\u0144 o most oraz d\u0142ug\u0105 list\u0119 podzi\u0119kowa\u0144 przedstawi\u0142 burmistrz Kwidzyna Andrzej Krzysztofiak. Nie zabrak\u0142o te\u017c g\u0142os\u00f3w projektant\u00f3w i wykonawc\u00f3w tej wspania\u0142ej inwestycji. <\/span><\/span><\/p>\n<p style=\"margin-bottom: 0cm; line-height: 100%;\"><span style=\"font-family: Calibri,serif;\"><span style=\"font-size: x-small;\">Po cz\u0119\u015bci oficjalnej mostem przetoczy\u0142a si\u0119 parada, na czele kt\u00f3rej jecha\u0142 na koniach oddzia\u0142 rycerzy z zamku w Gniewie. Dalej kawalkada oko\u0142o 200 motocykli i starych samochod\u00f3w, rowerzy\u015bci i grupy m\u0142odzie\u017cy z obu stron Wis\u0142y (z powiatu tczewskiego i kwidzy\u0144skiego). A po nich \u015brodkiem mostu ruszy\u0142 poch\u00f3d bardzo licznie zgromadzonych mieszka\u0144c\u00f3w. <\/span><\/span><\/p>\n<p style=\"margin-bottom: 0cm; line-height: 100%;\"><span style=\"font-family: Calibri,serif;\"><span style=\"font-size: x-small;\">Festyn trwa\u0142 do p\u00f3\u017anych godzin nocnych, a p\u00f3\u0142nocy most zosta\u0142 otwarty dla normalnego ruchu pojazd\u00f3w. <\/span><\/span><\/p>\n<p>?<\/p>\n<\/div>\n<p><img src=\"http:\/\/b.borusewicz.pl\/wp-content\/uploads\/2013\/07\/w_759_a.jpeg\" border=\"1\" class=\"foto\"\/><img src=\"http:\/\/b.borusewicz.pl\/wp-content\/uploads\/2013\/07\/w_759_b.jpeg\" border=\"1\" class=\"foto\"\/><img src=\"http:\/\/b.borusewicz.pl\/wp-content\/uploads\/2013\/07\/w_759_c.jpeg\" border=\"1\" class=\"foto\"\/><img src=\"http:\/\/b.borusewicz.pl\/wp-content\/uploads\/2013\/07\/w_759_d.jpeg\" border=\"1\" class=\"foto\"\/><\/div>\n","protected":false},"excerpt":{"rendered":"","protected":false},"author":1,"featured_media":3020,"comment_status":"open","ping_status":"open","sticky":false,"template":"","format":"standard","meta":[],"categories":[2,4],"tags":[],"_links":{"self":[{"href":"http:\/\/b-borusewicz.pl\/index.php\/wp-json\/wp\/v2\/posts\/1755"}],"collection":[{"href":"http:\/\/b-borusewicz.pl\/index.php\/wp-json\/wp\/v2\/posts"}],"about":[{"href":"http:\/\/b-borusewicz.pl\/index.php\/wp-json\/wp\/v2\/types\/post"}],"author":[{"embeddable":true,"href":"http:\/\/b-borusewicz.pl\/index.php\/wp-json\/wp\/v2\/users\/1"}],"replies":[{"embeddable":true,"href":"http:\/\/b-borusewicz.pl\/index.php\/wp-json\/wp\/v2\/comments?post=1755"}],"version-history":[{"count":1,"href":"http:\/\/b-borusewicz.pl\/index.php\/wp-json\/wp\/v2\/posts\/1755\/revisions"}],"predecessor-version":[{"id":3025,"href":"http:\/\/b-borusewicz.pl\/index.php\/wp-json\/wp\/v2\/posts\/1755\/revisions\/3025"}],"wp:featuredmedia":[{"embeddable":true,"href":"http:\/\/b-borusewicz.pl\/index.php\/wp-json\/wp\/v2\/media\/3020"}],"wp:attachment":[{"href":"http:\/\/b-borusewicz.pl\/index.php\/wp-json\/wp\/v2\/media?parent=1755"}],"wp:term":[{"taxonomy":"category","embeddable":true,"href":"http:\/\/b-borusewicz.pl\/index.php\/wp-json\/wp\/v2\/categories?post=1755"},{"taxonomy":"post_tag","embeddable":true,"href":"http:\/\/b-borusewicz.pl\/index.php\/wp-json\/wp\/v2\/tags?post=1755"}],"curies":[{"name":"wp","href":"https:\/\/api.w.org\/{rel}","templated":true}]}}