{"id":1754,"date":"2013-07-09T00:00:00","date_gmt":"2013-07-09T00:00:00","guid":{"rendered":"http:\/\/b.borusewicz.pl\/index.php\/2013\/07\/09\/spotkanie-w-starym-polu\/"},"modified":"2016-10-26T12:54:01","modified_gmt":"2016-10-26T12:54:01","slug":"spotkanie-w-starym-polu","status":"publish","type":"post","link":"http:\/\/b-borusewicz.pl\/index.php\/2013\/07\/09\/spotkanie-w-starym-polu\/","title":{"rendered":"Spotkanie w Starym Polu"},"content":{"rendered":"<div id=\"Zawartosc\"><img src=\"http:\/\/b.borusewicz.pl\/wp-content\/uploads\/2013\/07\/w_758_medium.jpeg\" border=\"0\" class=\"ikona\"\/><\/p>\n<div class=\"Zajawka\">\n<p>Na zaproszenie dyrektora oddzia\u0142u O\u015brodka Doradztwa Rolniczego w Starym Polu, Marsza\u0142ek Senatu RP Bogdan Borusewicz wzi\u0105\u0142 udzia\u0142 w zako\u0144czeniu cyklu szkole\u0144 dla grupy doradc\u00f3w z Republiki Mo\u0142dowy.?<\/p>\n<\/div>\n<div class=\"Tresc\">\n<p>Specjali\u015bci z Mo\u0142dowy sp\u0119dzili w Polsce bardzo pracowity okres, podczas kt\u00f3rego uczyli si\u0119 jak aplikowa\u0107 do Unii Europejskiej o przedakcesyjne fundusze &#8211; zw\u0142aszcza o z odpowiednika funduszu SAPARD. To bardzo wa\u017cne, gdy\u017c Mo\u0142dowa ju\u017c tej jesieni najprawdopodobniej podpisze unijny traktat przedakcesyjny.<\/p>\n<p>Marsza\u0142ek Senatu przybli\u017cy\u0142 nasz\u0105 kilkunastoletni\u0105 polsk\u0105 drog\u0119 od akcesji do cz\u0142onkostwa w Unii. Wyrazi\u0142 te\u017c nadziej\u0119 i \u017cyczy\u0142 naszym go\u015bciom, aby wiedza zdobyta w Polsce by\u0142a dla nich u\u017cyteczna.<\/p>\n<p>\u00a0<\/p>\n<p>?<\/p>\n<\/div>\n<p><img src=\"http:\/\/b.borusewicz.pl\/wp-content\/uploads\/2013\/07\/w_758_a.jpeg\" border=\"1\" class=\"foto\"\/><img src=\"http:\/\/b.borusewicz.pl\/wp-content\/uploads\/2013\/07\/w_758_b.jpeg\" border=\"1\" class=\"foto\"\/><img src=\"http:\/\/b.borusewicz.pl\/wp-content\/uploads\/2013\/07\/w_758_c.jpeg\" border=\"1\" class=\"foto\"\/><img src=\"http:\/\/b.borusewicz.pl\/wp-content\/uploads\/2013\/07\/w_758_d.jpeg\" border=\"1\" class=\"foto\"\/>\n<\/div>\n","protected":false},"excerpt":{"rendered":"<p>Na zaproszenie dyrektora oddzia\u0142u O\u015brodka Doradztwa Rolniczego w Starym Polu, Marsza\u0142ek Senatu RP Bogdan Borusewicz wzi\u0105\u0142 udzia\u0142 w zako\u0144czeniu cyklu szkole\u0144 dla grupy doradc\u00f3w z Republiki Mo\u0142dowy.? Specjali\u015bci z Mo\u0142dowy sp\u0119dzili w Polsce bardzo&#46;&#46;&#46;<\/p>\n","protected":false},"author":1,"featured_media":3014,"comment_status":"open","ping_status":"open","sticky":false,"template":"","format":"standard","meta":[],"categories":[2,4],"tags":[],"_links":{"self":[{"href":"http:\/\/b-borusewicz.pl\/index.php\/wp-json\/wp\/v2\/posts\/1754"}],"collection":[{"href":"http:\/\/b-borusewicz.pl\/index.php\/wp-json\/wp\/v2\/posts"}],"about":[{"href":"http:\/\/b-borusewicz.pl\/index.php\/wp-json\/wp\/v2\/types\/post"}],"author":[{"embeddable":true,"href":"http:\/\/b-borusewicz.pl\/index.php\/wp-json\/wp\/v2\/users\/1"}],"replies":[{"embeddable":true,"href":"http:\/\/b-borusewicz.pl\/index.php\/wp-json\/wp\/v2\/comments?post=1754"}],"version-history":[{"count":1,"href":"http:\/\/b-borusewicz.pl\/index.php\/wp-json\/wp\/v2\/posts\/1754\/revisions"}],"predecessor-version":[{"id":3019,"href":"http:\/\/b-borusewicz.pl\/index.php\/wp-json\/wp\/v2\/posts\/1754\/revisions\/3019"}],"wp:featuredmedia":[{"embeddable":true,"href":"http:\/\/b-borusewicz.pl\/index.php\/wp-json\/wp\/v2\/media\/3014"}],"wp:attachment":[{"href":"http:\/\/b-borusewicz.pl\/index.php\/wp-json\/wp\/v2\/media?parent=1754"}],"wp:term":[{"taxonomy":"category","embeddable":true,"href":"http:\/\/b-borusewicz.pl\/index.php\/wp-json\/wp\/v2\/categories?post=1754"},{"taxonomy":"post_tag","embeddable":true,"href":"http:\/\/b-borusewicz.pl\/index.php\/wp-json\/wp\/v2\/tags?post=1754"}],"curies":[{"name":"wp","href":"https:\/\/api.w.org\/{rel}","templated":true}]}}