{"id":1749,"date":"2013-05-17T00:00:00","date_gmt":"2013-05-17T00:00:00","guid":{"rendered":"http:\/\/b.borusewicz.pl\/index.php\/2013\/05\/17\/wizyta-przedstawicieli-grupy-sejmu-republiki-litewskiej-ds-kontaktow-miedzyparlamentarnych-z-rzeczpospolita-polska\/"},"modified":"2016-10-26T12:53:54","modified_gmt":"2016-10-26T12:53:54","slug":"wizyta-przedstawicieli-grupy-sejmu-republiki-litewskiej-ds-kontaktow-miedzyparlamentarnych-z-rzeczpospolita-polska","status":"publish","type":"post","link":"http:\/\/b-borusewicz.pl\/index.php\/2013\/05\/17\/wizyta-przedstawicieli-grupy-sejmu-republiki-litewskiej-ds-kontaktow-miedzyparlamentarnych-z-rzeczpospolita-polska\/","title":{"rendered":"Wizyta Przedstawicieli Grupy Sejmu Republiki Litewskiej ds. Kontakt\u00f3w Mi\u0119dzyparlamentarnych z Rzeczpospolita Polsk\u0105."},"content":{"rendered":"<div id=\"Zawartosc\"><img src=\"http:\/\/b.borusewicz.pl\/wp-content\/uploads\/2013\/05\/w_744_medium.jpeg\" border=\"0\" class=\"ikona\"\/><\/p>\n<div class=\"Zajawka\">\n<p>Marsza\u0142ek Senatu RP Bogdan Borusewicz spotka\u0142 si\u0119 z delegacj\u0105 z Litwy.?<\/p>\n<\/div>\n<div class=\"Tresc\">\n<p style=\"margin-bottom: 0.35cm;\">??Po\u015br\u00f3d zaproszonych go\u015bci byli mi\u0119dzy innymi Prezes Zwi\u0105zku Polak\u00f3w na Litwie, Przewodnicz\u0105cy Grupy Pan Micha\u0142 Mackiewicz, Przewodnicz\u0105cy Polsko-Litewskiej Grupy Parlamentarnej Pan Tadeusz Aziewicz, oraz cz\u0142onkowie Grupy Antanas Matunas i Leonard Talmont<\/p>\n<p>Podczas spotkania poruszono kwestie wsp\u00f3\u0142pracy gospodarczej mi\u0119dzy krajami, a przede wszystkim dyskutowano o wsp\u00f3lnych interesach energetycznych.<\/p>\n<p>Zwracaj\u0105c si\u0119 do zaproszonych go\u015bci Bogdan Borusewicz powiedzia\u0142, \u017ce cieszy si\u0119, i\u017c Akcja Wyborcza wesz\u0142a do rz\u0105du i teraz b\u0119dzie w pe\u0142ni odpowiedzialna za Polak\u00f3w mieszkaj\u0105cych na Litwie.<\/p>\n<p>Prezes Mackiewicz dzi\u0119kuj\u0105c za mo\u017cliwo\u015b\u0107 spotkania z Panem Marszalkiem podkre\u015bli\u0142, i\u017c Polacy mieszkaj\u0105cy na Liwie zawsze byli przyjaci\u00f3\u0142mi Litwin\u00f3w, a Grupa ds. Kontakt\u00f3w Mi\u0119dzyparlamentarnych z RP Sejmu Republiki Litewskiej powsta\u0142a z potrzeby serca, z potrzeby przyja\u017ani, zar\u00f3wno z jednej jak i z drugiej strony.<\/p>\n<\/p>\n<p>?<\/p>\n<\/div>\n<p><img src=\"http:\/\/b.borusewicz.pl\/wp-content\/uploads\/2013\/05\/w_744_a.jpeg\" border=\"1\" class=\"foto\"\/><img src=\"http:\/\/b.borusewicz.pl\/wp-content\/uploads\/2013\/05\/w_744_b.jpeg\" border=\"1\" class=\"foto\"\/>\n<\/div>\n","protected":false},"excerpt":{"rendered":"<p>Marsza\u0142ek Senatu RP Bogdan Borusewicz spotka\u0142 si\u0119 z delegacj\u0105 z Litwy.? ??Po\u015br\u00f3d zaproszonych go\u015bci byli mi\u0119dzy innymi Prezes Zwi\u0105zku Polak\u00f3w na Litwie, Przewodnicz\u0105cy Grupy Pan Micha\u0142 Mackiewicz, Przewodnicz\u0105cy Polsko-Litewskiej Grupy Parlamentarnej Pan Tadeusz Aziewicz,&#46;&#46;&#46;<\/p>\n","protected":false},"author":1,"featured_media":2987,"comment_status":"open","ping_status":"open","sticky":false,"template":"","format":"standard","meta":[],"categories":[2,4],"tags":[],"_links":{"self":[{"href":"http:\/\/b-borusewicz.pl\/index.php\/wp-json\/wp\/v2\/posts\/1749"}],"collection":[{"href":"http:\/\/b-borusewicz.pl\/index.php\/wp-json\/wp\/v2\/posts"}],"about":[{"href":"http:\/\/b-borusewicz.pl\/index.php\/wp-json\/wp\/v2\/types\/post"}],"author":[{"embeddable":true,"href":"http:\/\/b-borusewicz.pl\/index.php\/wp-json\/wp\/v2\/users\/1"}],"replies":[{"embeddable":true,"href":"http:\/\/b-borusewicz.pl\/index.php\/wp-json\/wp\/v2\/comments?post=1749"}],"version-history":[{"count":1,"href":"http:\/\/b-borusewicz.pl\/index.php\/wp-json\/wp\/v2\/posts\/1749\/revisions"}],"predecessor-version":[{"id":2990,"href":"http:\/\/b-borusewicz.pl\/index.php\/wp-json\/wp\/v2\/posts\/1749\/revisions\/2990"}],"wp:featuredmedia":[{"embeddable":true,"href":"http:\/\/b-borusewicz.pl\/index.php\/wp-json\/wp\/v2\/media\/2987"}],"wp:attachment":[{"href":"http:\/\/b-borusewicz.pl\/index.php\/wp-json\/wp\/v2\/media?parent=1749"}],"wp:term":[{"taxonomy":"category","embeddable":true,"href":"http:\/\/b-borusewicz.pl\/index.php\/wp-json\/wp\/v2\/categories?post=1749"},{"taxonomy":"post_tag","embeddable":true,"href":"http:\/\/b-borusewicz.pl\/index.php\/wp-json\/wp\/v2\/tags?post=1749"}],"curies":[{"name":"wp","href":"https:\/\/api.w.org\/{rel}","templated":true}]}}