{"id":1738,"date":"2013-01-17T00:00:00","date_gmt":"2013-01-17T00:00:00","guid":{"rendered":"http:\/\/b.borusewicz.pl\/index.php\/2013\/01\/17\/wreczenie-nagrod-trzy-krajobrazy-ziemi-gdanskiej\/"},"modified":"2016-10-26T12:53:44","modified_gmt":"2016-10-26T12:53:44","slug":"wreczenie-nagrod-trzy-krajobrazy-ziemi-gdanskiej","status":"publish","type":"post","link":"http:\/\/b-borusewicz.pl\/index.php\/2013\/01\/17\/wreczenie-nagrod-trzy-krajobrazy-ziemi-gdanskiej\/","title":{"rendered":"Wr\u0119czenie nagr\u00f3d ?Trzy Krajobrazy Ziemi Gda\u0144skiej?"},"content":{"rendered":"<div id=\"Zawartosc\"><img src=\"http:\/\/b.borusewicz.pl\/wp-content\/uploads\/2013\/01\/w_708_medium.jpeg\" border=\"0\" class=\"ikona\"\/><\/p>\n<div class=\"Zajawka\">\n<p>Marsza\u0142ek Senatu RP Bogdan Borusewicz w hotelu Chopin w Pruszczu Gda\u0144skim uczestniczy\u0142 w wydarzeniu wr\u0119czenia statuetek i certyfikat\u00f3w Marki Lokalnej ?Trzy Krajobrazy Ziemi Gda\u0144skiej?. ?<\/p>\n<\/div>\n<div class=\"Tresc\">\n<p>Marsza\u0142ek Senatu RP Bogdan Borusewicz uczestniczy\u0142 w uroczystej Gali I edycji Konkursu.<\/p>\n<p>Laureatem w kategorii ?Produkt spo\u017cywczy? zosta\u0142 Mi\u00f3d Pszcz\u00f3\u0142kowski zaprezentowany przez Rejonowe Ko\u0142o Pszczelarzy w Pszcz\u00f3\u0142kach, w kategorii ?Wyroby r\u0119kodzielnicze i rzemie\u015blnicze? laureatem zosta\u0142a pani Ma\u0142gorzata Turska, a w kategorii ?Inicjatywy lokalne? Og\u00f3lnopolski Turniej Orlik\u00f3w organizowany przez Stowarzyszenie Klub Sportowy KS Osiczanka w Osicach.<\/p>\n<p>Laureaci Konkursu tworz\u0105 swoje dzie\u0142a na obszarze dzia\u0142ania LGD ?Trzy Krajobrazy?, to jest na obszarze 6 gmin Powiatu Gda\u0144skiego.<\/p>\n<p>Zostali oni wy\u0142onieni spo\u015br\u00f3d 11 produkt\u00f3w nominowanych do tego tytu\u0142u.<\/p>\n<p>Pomys\u0142odawc\u0105 i organizatorem jest Lokalna Grupa Dzia\u0142ania ?Trzy Krajobrazy?, kt\u00f3rej przewodzi pani Emilia Grzyb, a konkurs odby\u0142 si\u0119 w ramach Programu Rozwoju Obszar\u00f3w Wiejskich na lata 2007-2013 LEADER.<\/p>\n<p>?<\/p>\n<\/div>\n<p><img src=\"http:\/\/b.borusewicz.pl\/wp-content\/uploads\/2013\/01\/w_708_a.jpeg\" border=\"1\" class=\"foto\"\/><img src=\"http:\/\/b.borusewicz.pl\/wp-content\/uploads\/2013\/01\/w_708_b.jpeg\" border=\"1\" class=\"foto\"\/><img src=\"http:\/\/b.borusewicz.pl\/wp-content\/uploads\/2013\/01\/w_708_c.jpeg\" border=\"1\" class=\"foto\"\/>\n<\/div>\n","protected":false},"excerpt":{"rendered":"<p>Marsza\u0142ek Senatu RP Bogdan Borusewicz w hotelu Chopin w Pruszczu Gda\u0144skim uczestniczy\u0142 w wydarzeniu wr\u0119czenia statuetek i certyfikat\u00f3w Marki Lokalnej ?Trzy Krajobrazy Ziemi Gda\u0144skiej?. ? Marsza\u0142ek Senatu RP Bogdan Borusewicz uczestniczy\u0142 w uroczystej Gali&#46;&#46;&#46;<\/p>\n","protected":false},"author":1,"featured_media":2937,"comment_status":"open","ping_status":"open","sticky":false,"template":"","format":"standard","meta":[],"categories":[2,4],"tags":[],"_links":{"self":[{"href":"http:\/\/b-borusewicz.pl\/index.php\/wp-json\/wp\/v2\/posts\/1738"}],"collection":[{"href":"http:\/\/b-borusewicz.pl\/index.php\/wp-json\/wp\/v2\/posts"}],"about":[{"href":"http:\/\/b-borusewicz.pl\/index.php\/wp-json\/wp\/v2\/types\/post"}],"author":[{"embeddable":true,"href":"http:\/\/b-borusewicz.pl\/index.php\/wp-json\/wp\/v2\/users\/1"}],"replies":[{"embeddable":true,"href":"http:\/\/b-borusewicz.pl\/index.php\/wp-json\/wp\/v2\/comments?post=1738"}],"version-history":[{"count":1,"href":"http:\/\/b-borusewicz.pl\/index.php\/wp-json\/wp\/v2\/posts\/1738\/revisions"}],"predecessor-version":[{"id":2941,"href":"http:\/\/b-borusewicz.pl\/index.php\/wp-json\/wp\/v2\/posts\/1738\/revisions\/2941"}],"wp:featuredmedia":[{"embeddable":true,"href":"http:\/\/b-borusewicz.pl\/index.php\/wp-json\/wp\/v2\/media\/2937"}],"wp:attachment":[{"href":"http:\/\/b-borusewicz.pl\/index.php\/wp-json\/wp\/v2\/media?parent=1738"}],"wp:term":[{"taxonomy":"category","embeddable":true,"href":"http:\/\/b-borusewicz.pl\/index.php\/wp-json\/wp\/v2\/categories?post=1738"},{"taxonomy":"post_tag","embeddable":true,"href":"http:\/\/b-borusewicz.pl\/index.php\/wp-json\/wp\/v2\/tags?post=1738"}],"curies":[{"name":"wp","href":"https:\/\/api.w.org\/{rel}","templated":true}]}}