{"id":1737,"date":"2013-01-20T00:00:00","date_gmt":"2013-01-20T00:00:00","guid":{"rendered":"http:\/\/b.borusewicz.pl\/index.php\/2013\/01\/20\/otwarcie-siedziby-rady-dzielnicy-oliwa\/"},"modified":"2016-10-26T12:53:42","modified_gmt":"2016-10-26T12:53:42","slug":"otwarcie-siedziby-rady-dzielnicy-oliwa","status":"publish","type":"post","link":"http:\/\/b-borusewicz.pl\/index.php\/2013\/01\/20\/otwarcie-siedziby-rady-dzielnicy-oliwa\/","title":{"rendered":"Otwarcie siedziby Rady Dzielnicy Oliwa"},"content":{"rendered":"<div id=\"Zawartosc\"><img src=\"http:\/\/b.borusewicz.pl\/wp-content\/uploads\/2013\/01\/w_707_medium.jpeg\" border=\"0\" class=\"ikona\"\/><\/p>\n<div class=\"Zajawka\">\n<p>Rada Dzielnicy Oliwa otrzyma\u0142a od Miasta Gda\u0144ska pi\u0119kne pomieszczenia mieszcz\u0105ce si\u0119 w Gda\u0144sku- Oliwie przy ulicy Opata Jacka Rybi\u0144skiego 9.?<\/p>\n<\/div>\n<div class=\"Tresc\">\n<p>W niedziel\u0119 20 stycznia Marsza\u0142ek Senatu RP Bogdan Borusewicz uczestnicz\u0105c w uroczysto\u015bci otwarcia, \u017cyczy\u0142 Radnym tego bardzo wa\u017cnego podstawowego szczebla, aby ich nowa siedziba t\u0119tni\u0142a \u017cyciem ku po\u017cytkowi Mieszka\u0144c\u00f3w Oliwy i ca\u0142ego Gda\u0144ska.<\/p>\n<p>Oficjaln\u0105 cz\u0119\u015b\u0107 uroczysto\u015bci zako\u0144czy\u0142o po\u015bwi\u0119cenie nowej siedziby.<\/p>\n<p>Obecni byli Radni Dzielnicy oraz grupa mieszka\u0144c\u00f3w z pani\u0105 Prezes Stowarzyszenia ?Stara Oliwa?. W\u015br\u00f3d zaproszonych go\u015bci byli przedstawiciele instytucji z Oliwy (w tym Nadle\u015bniczy Nadle\u015bnictwa Oliwa), przedstawiciele s\u0105siednich Rad Dzielnic, a tak\u017ce Imam Gminy Muzu\u0142ma\u0144skiej.<\/p>\n<p>?<\/p>\n<\/div>\n<p><img src=\"http:\/\/b.borusewicz.pl\/wp-content\/uploads\/2013\/01\/w_707_a.jpeg\" border=\"1\" class=\"foto\"\/><img src=\"http:\/\/b.borusewicz.pl\/wp-content\/uploads\/2013\/01\/w_707_b.jpeg\" border=\"1\" class=\"foto\"\/><img src=\"http:\/\/b.borusewicz.pl\/wp-content\/uploads\/2013\/01\/w_707_c.jpeg\" border=\"1\" class=\"foto\"\/><img src=\"http:\/\/b.borusewicz.pl\/wp-content\/uploads\/2013\/01\/w_707_d.jpeg\" border=\"1\" class=\"foto\"\/>\n<\/div>\n","protected":false},"excerpt":{"rendered":"<p>Rada Dzielnicy Oliwa otrzyma\u0142a od Miasta Gda\u0144ska pi\u0119kne pomieszczenia mieszcz\u0105ce si\u0119 w Gda\u0144sku- Oliwie przy ulicy Opata Jacka Rybi\u0144skiego 9.? W niedziel\u0119 20 stycznia Marsza\u0142ek Senatu RP Bogdan Borusewicz uczestnicz\u0105c w uroczysto\u015bci otwarcia, \u017cyczy\u0142&#46;&#46;&#46;<\/p>\n","protected":false},"author":1,"featured_media":2931,"comment_status":"open","ping_status":"open","sticky":false,"template":"","format":"standard","meta":[],"categories":[2,4],"tags":[],"_links":{"self":[{"href":"http:\/\/b-borusewicz.pl\/index.php\/wp-json\/wp\/v2\/posts\/1737"}],"collection":[{"href":"http:\/\/b-borusewicz.pl\/index.php\/wp-json\/wp\/v2\/posts"}],"about":[{"href":"http:\/\/b-borusewicz.pl\/index.php\/wp-json\/wp\/v2\/types\/post"}],"author":[{"embeddable":true,"href":"http:\/\/b-borusewicz.pl\/index.php\/wp-json\/wp\/v2\/users\/1"}],"replies":[{"embeddable":true,"href":"http:\/\/b-borusewicz.pl\/index.php\/wp-json\/wp\/v2\/comments?post=1737"}],"version-history":[{"count":1,"href":"http:\/\/b-borusewicz.pl\/index.php\/wp-json\/wp\/v2\/posts\/1737\/revisions"}],"predecessor-version":[{"id":2936,"href":"http:\/\/b-borusewicz.pl\/index.php\/wp-json\/wp\/v2\/posts\/1737\/revisions\/2936"}],"wp:featuredmedia":[{"embeddable":true,"href":"http:\/\/b-borusewicz.pl\/index.php\/wp-json\/wp\/v2\/media\/2931"}],"wp:attachment":[{"href":"http:\/\/b-borusewicz.pl\/index.php\/wp-json\/wp\/v2\/media?parent=1737"}],"wp:term":[{"taxonomy":"category","embeddable":true,"href":"http:\/\/b-borusewicz.pl\/index.php\/wp-json\/wp\/v2\/categories?post=1737"},{"taxonomy":"post_tag","embeddable":true,"href":"http:\/\/b-borusewicz.pl\/index.php\/wp-json\/wp\/v2\/tags?post=1737"}],"curies":[{"name":"wp","href":"https:\/\/api.w.org\/{rel}","templated":true}]}}