{"id":1734,"date":"2012-12-04T00:00:00","date_gmt":"2012-12-04T00:00:00","guid":{"rendered":"http:\/\/b.borusewicz.pl\/index.php\/2012\/12\/04\/gala-xviii-tej-edycji-nagrody-bursztynowego-mieczyka-im-macieja-plazynskiego\/"},"modified":"2016-10-26T12:53:38","modified_gmt":"2016-10-26T12:53:38","slug":"gala-xviii-tej-edycji-nagrody-bursztynowego-mieczyka-im-macieja-plazynskiego","status":"publish","type":"post","link":"http:\/\/b-borusewicz.pl\/index.php\/2012\/12\/04\/gala-xviii-tej-edycji-nagrody-bursztynowego-mieczyka-im-macieja-plazynskiego\/","title":{"rendered":"Gala XVIII-tej edycji Nagrody Bursztynowego Mieczyka im. Macieja P\u0142a\u017cy\u0144skiego"},"content":{"rendered":"<div id=\"Zawartosc\"><img src=\"http:\/\/b.borusewicz.pl\/wp-content\/uploads\/2012\/12\/w_700_medium.jpeg\" border=\"0\" class=\"ikona\"\/><\/p>\n<div class=\"Zajawka\">\n<p>4-go grudnia w Filharmonii Ba\u0142tyckiej w Gda\u0144sku odby\u0142a si\u0119 Gala Nagrody Bursztynowego Mieczy?ka<\/p>\n<\/div>\n<div class=\"Tresc\">\n<p>Jest to Nagroda ufundowana przez Wojewod\u0119 Pomorskiego, Marsza\u0142ka Wojew\u00f3dztwa Pomorskiego i Wojew\u00f3dzki Fundusz Ochrony \u015arodowiska w Gda\u0144sku dla najlepiej dzia\u0142aj\u0105cych organizacji pozarz\u0105dowych w zakresie polityki spo\u0142ecznej i ochrony \u015brodowiska z terenu naszego wojew\u00f3dztwa .<\/p>\n<p>Organizatorem Gali by\u0142o Regionalne Centrum Informacji i Wspomagania Organizacji Pozarz\u0105dowych.<\/p>\n<p>Laureatami w g\u0142\u00f3wnych kategoriach zostali: 1\/ Gda\u0144ska Fundacja Innowacji Spo\u0142ecznej, 2\/ Ustecki Uniwersytet Trzeciego Wieku ?\u017byj Kolorowo?, 3\/ Polski Zwi\u0105zek Niewidomych Okr\u0119g Pomorski oraz 4\/ O\u015brodek Readaptacji Stowarzyszenie Solidarni ?PLUS EKO Szko\u0142a \u017bycia? w Wandzinie.<\/p>\n<p>By\u0142y te\u017c wyr\u00f3\u017cnienia.<\/p>\n<p>A nast\u0119pnie wr\u0119czone zosta\u0142y nagrody specjalne.<\/p>\n<p>Nagrod\u0119 Specjaln\u0105 Marsza\u0142ka Senatu Bogdana Borusewicza otrzyma\u0142a Fundacja ?Serce Korczaka?.<\/p>\n<p>Uroczyste wr\u0119czenie nagr\u00f3d u\u015bwietni\u0142 recital Hanny Banaszak, kt\u00f3rego wsp\u00f3\u0142organizatorem by\u0142o Europejskie Centrum Solidarno\u015bci.<\/p>\n<p>\u00a0<\/p>\n<p>?<\/p>\n<\/div>\n<p><img src=\"http:\/\/b.borusewicz.pl\/wp-content\/uploads\/2012\/12\/w_700_a.jpeg\" border=\"1\" class=\"foto\"\/><img src=\"http:\/\/b.borusewicz.pl\/wp-content\/uploads\/2012\/12\/w_700_b.jpeg\" border=\"1\" class=\"foto\"\/><img src=\"http:\/\/b.borusewicz.pl\/wp-content\/uploads\/2012\/12\/w_700_c.jpeg\" border=\"1\" class=\"foto\"\/><img src=\"http:\/\/b.borusewicz.pl\/wp-content\/uploads\/2012\/12\/w_700_d.jpeg\" border=\"1\" class=\"foto\"\/>\n<\/div>\n","protected":false},"excerpt":{"rendered":"<p>4-go grudnia w Filharmonii Ba\u0142tyckiej w Gda\u0144sku odby\u0142a si\u0119 Gala Nagrody Bursztynowego Mieczy?ka Jest to Nagroda ufundowana przez Wojewod\u0119 Pomorskiego, Marsza\u0142ka Wojew\u00f3dztwa Pomorskiego i Wojew\u00f3dzki Fundusz Ochrony \u015arodowiska w Gda\u0144sku dla najlepiej dzia\u0142aj\u0105cych organizacji&#46;&#46;&#46;<\/p>\n","protected":false},"author":1,"featured_media":2913,"comment_status":"open","ping_status":"open","sticky":false,"template":"","format":"standard","meta":[],"categories":[2,4],"tags":[],"_links":{"self":[{"href":"http:\/\/b-borusewicz.pl\/index.php\/wp-json\/wp\/v2\/posts\/1734"}],"collection":[{"href":"http:\/\/b-borusewicz.pl\/index.php\/wp-json\/wp\/v2\/posts"}],"about":[{"href":"http:\/\/b-borusewicz.pl\/index.php\/wp-json\/wp\/v2\/types\/post"}],"author":[{"embeddable":true,"href":"http:\/\/b-borusewicz.pl\/index.php\/wp-json\/wp\/v2\/users\/1"}],"replies":[{"embeddable":true,"href":"http:\/\/b-borusewicz.pl\/index.php\/wp-json\/wp\/v2\/comments?post=1734"}],"version-history":[{"count":1,"href":"http:\/\/b-borusewicz.pl\/index.php\/wp-json\/wp\/v2\/posts\/1734\/revisions"}],"predecessor-version":[{"id":2918,"href":"http:\/\/b-borusewicz.pl\/index.php\/wp-json\/wp\/v2\/posts\/1734\/revisions\/2918"}],"wp:featuredmedia":[{"embeddable":true,"href":"http:\/\/b-borusewicz.pl\/index.php\/wp-json\/wp\/v2\/media\/2913"}],"wp:attachment":[{"href":"http:\/\/b-borusewicz.pl\/index.php\/wp-json\/wp\/v2\/media?parent=1734"}],"wp:term":[{"taxonomy":"category","embeddable":true,"href":"http:\/\/b-borusewicz.pl\/index.php\/wp-json\/wp\/v2\/categories?post=1734"},{"taxonomy":"post_tag","embeddable":true,"href":"http:\/\/b-borusewicz.pl\/index.php\/wp-json\/wp\/v2\/tags?post=1734"}],"curies":[{"name":"wp","href":"https:\/\/api.w.org\/{rel}","templated":true}]}}