{"id":1733,"date":"2012-11-12T00:00:00","date_gmt":"2012-11-12T00:00:00","guid":{"rendered":"http:\/\/b.borusewicz.pl\/index.php\/2012\/11\/12\/wyklad-w-wyzszej-szkole-zarzadzania-w-gdansku\/"},"modified":"2016-10-26T12:53:37","modified_gmt":"2016-10-26T12:53:37","slug":"wyklad-w-wyzszej-szkole-zarzadzania-w-gdansku","status":"publish","type":"post","link":"http:\/\/b-borusewicz.pl\/index.php\/2012\/11\/12\/wyklad-w-wyzszej-szkole-zarzadzania-w-gdansku\/","title":{"rendered":"Wyk\u0142ad w Wy\u017cszej Szkole Zarz\u0105dzania w Gda\u0144sku."},"content":{"rendered":"<div id=\"Zawartosc\"><img src=\"http:\/\/b.borusewicz.pl\/wp-content\/uploads\/2012\/11\/w_694_medium.jpeg\" border=\"0\" class=\"ikona\"\/><\/p>\n<div class=\"Zajawka\">\n<p>12 listopada 2012 w ramach cyklu ?Wyk\u0142ady ciekawych ludzi? Marsza\u0142ek Senatu RP Bogdan Borusewicz odwiedzi\u0142 Wy\u017csz\u0105 Szko\u0142\u0119 Zarz\u0105dzania w Gda\u0144sku na \u017babiance.?<\/p>\n<\/div>\n<div class=\"Tresc\">\n<p>Na sali wyk\u0142adowej zebra\u0142o si\u0119 oko\u0142o 100 os\u00f3b ? g\u0142\u00f3wnie z pierwszego roku Wydzia\u0142u Administracji i Nauk Spo\u0142ecznych oraz z Wydzia\u0142u Kosmetologii wraz z rektorem i dziekanami.<\/p>\n<p>G\u0142\u00f3wnym motywem wyk\u0142adu by\u0142a odpowiedzialno\u015b\u0107 Polityk\u00f3w na przyk\u0142adzie Grecji.<\/p>\n<p>M\u0142odzie\u017c s\u0142ucha\u0142a z zainteresowaniem, ale nie uda\u0142o si\u0119 ich nam\u00f3wi\u0107 do dyskusji i zadawania pyta\u0144.<\/p>\n<p>\u00a0<\/p>\n<p>?<\/p>\n<\/div>\n<p><img src=\"http:\/\/b.borusewicz.pl\/wp-content\/uploads\/2012\/11\/w_694_a.jpeg\" border=\"1\" class=\"foto\"\/><img src=\"http:\/\/b.borusewicz.pl\/wp-content\/uploads\/2012\/11\/w_694_b.jpeg\" border=\"1\" class=\"foto\"\/><img src=\"http:\/\/b.borusewicz.pl\/wp-content\/uploads\/2012\/11\/w_694_c.jpeg\" border=\"1\" class=\"foto\"\/>\n<\/div>\n","protected":false},"excerpt":{"rendered":"<p>12 listopada 2012 w ramach cyklu ?Wyk\u0142ady ciekawych ludzi? Marsza\u0142ek Senatu RP Bogdan Borusewicz odwiedzi\u0142 Wy\u017csz\u0105 Szko\u0142\u0119 Zarz\u0105dzania w Gda\u0144sku na \u017babiance.? Na sali wyk\u0142adowej zebra\u0142o si\u0119 oko\u0142o 100 os\u00f3b ? g\u0142\u00f3wnie z pierwszego&#46;&#46;&#46;<\/p>\n","protected":false},"author":1,"featured_media":2908,"comment_status":"open","ping_status":"open","sticky":false,"template":"","format":"standard","meta":[],"categories":[2,4],"tags":[],"_links":{"self":[{"href":"http:\/\/b-borusewicz.pl\/index.php\/wp-json\/wp\/v2\/posts\/1733"}],"collection":[{"href":"http:\/\/b-borusewicz.pl\/index.php\/wp-json\/wp\/v2\/posts"}],"about":[{"href":"http:\/\/b-borusewicz.pl\/index.php\/wp-json\/wp\/v2\/types\/post"}],"author":[{"embeddable":true,"href":"http:\/\/b-borusewicz.pl\/index.php\/wp-json\/wp\/v2\/users\/1"}],"replies":[{"embeddable":true,"href":"http:\/\/b-borusewicz.pl\/index.php\/wp-json\/wp\/v2\/comments?post=1733"}],"version-history":[{"count":1,"href":"http:\/\/b-borusewicz.pl\/index.php\/wp-json\/wp\/v2\/posts\/1733\/revisions"}],"predecessor-version":[{"id":2912,"href":"http:\/\/b-borusewicz.pl\/index.php\/wp-json\/wp\/v2\/posts\/1733\/revisions\/2912"}],"wp:featuredmedia":[{"embeddable":true,"href":"http:\/\/b-borusewicz.pl\/index.php\/wp-json\/wp\/v2\/media\/2908"}],"wp:attachment":[{"href":"http:\/\/b-borusewicz.pl\/index.php\/wp-json\/wp\/v2\/media?parent=1733"}],"wp:term":[{"taxonomy":"category","embeddable":true,"href":"http:\/\/b-borusewicz.pl\/index.php\/wp-json\/wp\/v2\/categories?post=1733"},{"taxonomy":"post_tag","embeddable":true,"href":"http:\/\/b-borusewicz.pl\/index.php\/wp-json\/wp\/v2\/tags?post=1733"}],"curies":[{"name":"wp","href":"https:\/\/api.w.org\/{rel}","templated":true}]}}