{"id":1709,"date":"2012-06-03T00:00:00","date_gmt":"2012-06-03T00:00:00","guid":{"rendered":"http:\/\/b.borusewicz.pl\/index.php\/2012\/06\/03\/xxi-pomorskie-targi-rolno-przemyslowe-i-pomorska-wystawa-zwierzat-hodowlanych\/"},"modified":"2016-10-26T12:53:09","modified_gmt":"2016-10-26T12:53:09","slug":"xxi-pomorskie-targi-rolno-przemyslowe-i-pomorska-wystawa-zwierzat-hodowlanych","status":"publish","type":"post","link":"http:\/\/b-borusewicz.pl\/index.php\/2012\/06\/03\/xxi-pomorskie-targi-rolno-przemyslowe-i-pomorska-wystawa-zwierzat-hodowlanych\/","title":{"rendered":"XXI Pomorskie Targi Rolno- Przemys\u0142owe i Pomorska Wystawa Zwierz\u0105t Hodowlanych."},"content":{"rendered":"<div id=\"Zawartosc\"><img src=\"http:\/\/b.borusewicz.pl\/wp-content\/uploads\/2012\/06\/w_649_medium.jpeg\" border=\"0\" class=\"ikona\"\/><\/p>\n<div class=\"Zajawka\">\n<p>W niedziel\u0119 3-go czerwca Marsza\u0142ek Senatu RP Bogdan Borusewicz odwiedzi\u0142, odbywaj\u0105ce si\u0119 pod jego patronatem XXI-sze targi w Lubaniu ko\u0142o Ko\u015bcierzyny.?<\/p>\n<\/div>\n<div class=\"Tresc\">\n<p style=\"margin-bottom: 0cm;\"><strong\/>Pan Marsza\u0142ek przemawiaj\u0105c do licznie zgromadzonych rolnik\u00f3w powiedzia\u0142, \u017ce jest to bardzo wa\u017cna i z roku na rok coraz wi\u0119ksza i wspanialsza impreza. Wr\u0119czy\u0142 te\u017c nagrody dla najlepszych wystawc\u00f3w i hodowc\u00f3w.<\/p>\n<p>?<\/p>\n<\/div>\n<p><img src=\"http:\/\/b.borusewicz.pl\/wp-content\/uploads\/2012\/06\/w_649_a.jpeg\" border=\"1\" class=\"foto\"\/><img src=\"http:\/\/b.borusewicz.pl\/wp-content\/uploads\/2012\/06\/w_649_b.jpeg\" border=\"1\" class=\"foto\"\/><img src=\"http:\/\/b.borusewicz.pl\/wp-content\/uploads\/2012\/06\/w_649_c.jpeg\" border=\"1\" class=\"foto\"\/><img src=\"http:\/\/b.borusewicz.pl\/wp-content\/uploads\/2012\/06\/w_649_d.jpeg\" border=\"1\" class=\"foto\"\/>\n<\/div>\n","protected":false},"excerpt":{"rendered":"<p>W niedziel\u0119 3-go czerwca Marsza\u0142ek Senatu RP Bogdan Borusewicz odwiedzi\u0142, odbywaj\u0105ce si\u0119 pod jego patronatem XXI-sze targi w Lubaniu ko\u0142o Ko\u015bcierzyny.? Pan Marsza\u0142ek przemawiaj\u0105c do licznie zgromadzonych rolnik\u00f3w powiedzia\u0142, \u017ce jest to bardzo wa\u017cna&#46;&#46;&#46;<\/p>\n","protected":false},"author":1,"featured_media":2770,"comment_status":"open","ping_status":"open","sticky":false,"template":"","format":"standard","meta":[],"categories":[2,4],"tags":[],"_links":{"self":[{"href":"http:\/\/b-borusewicz.pl\/index.php\/wp-json\/wp\/v2\/posts\/1709"}],"collection":[{"href":"http:\/\/b-borusewicz.pl\/index.php\/wp-json\/wp\/v2\/posts"}],"about":[{"href":"http:\/\/b-borusewicz.pl\/index.php\/wp-json\/wp\/v2\/types\/post"}],"author":[{"embeddable":true,"href":"http:\/\/b-borusewicz.pl\/index.php\/wp-json\/wp\/v2\/users\/1"}],"replies":[{"embeddable":true,"href":"http:\/\/b-borusewicz.pl\/index.php\/wp-json\/wp\/v2\/comments?post=1709"}],"version-history":[{"count":1,"href":"http:\/\/b-borusewicz.pl\/index.php\/wp-json\/wp\/v2\/posts\/1709\/revisions"}],"predecessor-version":[{"id":2775,"href":"http:\/\/b-borusewicz.pl\/index.php\/wp-json\/wp\/v2\/posts\/1709\/revisions\/2775"}],"wp:featuredmedia":[{"embeddable":true,"href":"http:\/\/b-borusewicz.pl\/index.php\/wp-json\/wp\/v2\/media\/2770"}],"wp:attachment":[{"href":"http:\/\/b-borusewicz.pl\/index.php\/wp-json\/wp\/v2\/media?parent=1709"}],"wp:term":[{"taxonomy":"category","embeddable":true,"href":"http:\/\/b-borusewicz.pl\/index.php\/wp-json\/wp\/v2\/categories?post=1709"},{"taxonomy":"post_tag","embeddable":true,"href":"http:\/\/b-borusewicz.pl\/index.php\/wp-json\/wp\/v2\/tags?post=1709"}],"curies":[{"name":"wp","href":"https:\/\/api.w.org\/{rel}","templated":true}]}}