{"id":1703,"date":"2012-03-21T00:00:00","date_gmt":"2012-03-21T00:00:00","guid":{"rendered":"http:\/\/b.borusewicz.pl\/index.php\/2012\/03\/21\/spotkanie-z-mlodzieza-ze-wschodu\/"},"modified":"2016-10-26T12:53:02","modified_gmt":"2016-10-26T12:53:02","slug":"spotkanie-z-mlodzieza-ze-wschodu","status":"publish","type":"post","link":"http:\/\/b-borusewicz.pl\/index.php\/2012\/03\/21\/spotkanie-z-mlodzieza-ze-wschodu\/","title":{"rendered":"Spotkanie z m\u0142odzie\u017c\u0105 ze Wschodu"},"content":{"rendered":"<p><!--more--><\/p>\n<div id=\"Zawartosc\"><img src=\"http:\/\/b.borusewicz.pl\/wp-content\/uploads\/2012\/03\/w_632_medium.jpeg\" border=\"0\" class=\"ikona\"\/><\/p>\n<div class=\"Zajawka\">\n<p align=\"JUSTIFY\">?Nie \u017ca\u0142uj\u0119, \u017ce urodzi\u0142em si\u0119 i \u017cy\u0142em w XX w., poniewa\u017c by\u0142y to ciekawe czasy? ? wyzna\u0142 Bogdan Borusewicz, jedna z legend polskiej ?Solidarno\u015bci? a obecnie Marsza\u0142ek Senatu RP podczas spotkania w dniu 21 marca br. z liderami m\u0142odzie\u017cowymi z Europy Wschodniej.<\/p>\n<p>?<\/p>\n<\/div>\n<div class=\"Tresc\">\n<p style=\"margin-bottom: 0cm;\" align=\"JUSTIFY\">Jedena\u015bcioro m\u0142odych dzia\u0142aczy spo\u0142ecznych i wyr\u00f3\u017cniaj\u0105cych si\u0119 student\u00f3w z Rosji, Mo\u0142dowy i Ukrainy przyjecha\u0142o do Gda\u0144ska by przez 12 dni poznawa\u0107 Polsk\u0119 i jej mieszka\u0144c\u00f3w. Mi\u0119dzy 11 a 22 marca uczestnicy programu wizyt studyjnych Study Tours to Poland odwiedzali instytucje publiczne i prywatne, organizacje kultury, media regionalne, o\u015brodki edukacyjne. Biesiadowali z ekspertami i praktykami, przygl\u0105dali si\u0119 do\u015bwiadczeniom polskiego systemu samorz\u0105dowego i administracyjnego po to, by w przysz\u0142o\u015bci m\u00f3c skorzysta\u0107 z tych do\u015bwiadcze\u0144, kt\u00f3re zdaniem tych m\u0142odych os\u00f3b w przysz\u0142o\u015bci b\u0119d\u0105 przydatne na ich w\u0142asnym gruncie.<\/p>\n<p style=\"margin-bottom: 0cm;\" align=\"JUSTIFY\">Jednym z kluczowych element\u00f3w programu tych wizyt jest refleksja nad ideami i przes\u0142aniem ?Solidarno\u015bci?. Uczestnicy wizyt maj\u0105 wyj\u0105tkow\u0105 okazj\u0119 porozmawiania z ikonami polskiego ruchu wolno\u015bciowego, takimi jak Bogdan Borusewicz. Marsza\u0142ek Senatu tradycyjnie zaskakuje wschodnioeuropejsk\u0105 m\u0142odzie\u017c swoj\u0105 otwarto\u015bci\u0105 na partnersk\u0105 dyskusj\u0119, wysokim poziomem merytorycznym i znajomo\u015bci\u0105 reali\u00f3w politycznych i geopolitycznych wsp\u00f3\u0142czesnego \u015bwiata.<\/p>\n<p style=\"margin-bottom: 0cm;\" align=\"JUSTIFY\">R\u00f3wnie\u017c i tym razem podczas spotkania nie zabrak\u0142o celnych stwierdze\u0144 i g\u0142\u0119bokich analiz Bogdana Borusewicza, kt\u00f3ry tradycyjnie cieszy si\u0119 du\u017c\u0105 popularno\u015bci\u0105 w\u015br\u00f3d przysz\u0142ych lider\u00f3w obywatelskich, spo\u0142ecznych i politycznych swoich kraj\u00f3w. W\u0142a\u015bnie po to przemierzaj\u0105 oni tysi\u0105ce kilometr\u00f3w, by zainspirowa\u0107 si\u0119 przyk\u0142adami pozytywnych zmian a nast\u0119pnie zaadaptowa\u0107 je we w\u0142asnych \u015brodowiskach.<\/p>\n<p style=\"margin-bottom: 0cm;\" align=\"JUSTIFY\"><em>Tekst i zdj\u0119cie: Nedim Useinov<\/em><\/p>\n<p style=\"margin-bottom: 0cm;\">\u00a0<\/p>\n<p>?<\/p>\n<\/div>\n<p><img src=\"http:\/\/b.borusewicz.pl\/wp-content\/uploads\/2012\/03\/w_632_a.jpeg\" border=\"1\" class=\"foto\"\/><\/div>\n","protected":false},"excerpt":{"rendered":"","protected":false},"author":1,"featured_media":2740,"comment_status":"open","ping_status":"open","sticky":false,"template":"","format":"standard","meta":[],"categories":[2,4],"tags":[],"_links":{"self":[{"href":"http:\/\/b-borusewicz.pl\/index.php\/wp-json\/wp\/v2\/posts\/1703"}],"collection":[{"href":"http:\/\/b-borusewicz.pl\/index.php\/wp-json\/wp\/v2\/posts"}],"about":[{"href":"http:\/\/b-borusewicz.pl\/index.php\/wp-json\/wp\/v2\/types\/post"}],"author":[{"embeddable":true,"href":"http:\/\/b-borusewicz.pl\/index.php\/wp-json\/wp\/v2\/users\/1"}],"replies":[{"embeddable":true,"href":"http:\/\/b-borusewicz.pl\/index.php\/wp-json\/wp\/v2\/comments?post=1703"}],"version-history":[{"count":1,"href":"http:\/\/b-borusewicz.pl\/index.php\/wp-json\/wp\/v2\/posts\/1703\/revisions"}],"predecessor-version":[{"id":2742,"href":"http:\/\/b-borusewicz.pl\/index.php\/wp-json\/wp\/v2\/posts\/1703\/revisions\/2742"}],"wp:featuredmedia":[{"embeddable":true,"href":"http:\/\/b-borusewicz.pl\/index.php\/wp-json\/wp\/v2\/media\/2740"}],"wp:attachment":[{"href":"http:\/\/b-borusewicz.pl\/index.php\/wp-json\/wp\/v2\/media?parent=1703"}],"wp:term":[{"taxonomy":"category","embeddable":true,"href":"http:\/\/b-borusewicz.pl\/index.php\/wp-json\/wp\/v2\/categories?post=1703"},{"taxonomy":"post_tag","embeddable":true,"href":"http:\/\/b-borusewicz.pl\/index.php\/wp-json\/wp\/v2\/tags?post=1703"}],"curies":[{"name":"wp","href":"https:\/\/api.w.org\/{rel}","templated":true}]}}