{"id":1698,"date":"2011-10-08T00:00:00","date_gmt":"2011-10-08T00:00:00","guid":{"rendered":"http:\/\/b.borusewicz.pl\/index.php\/2011\/10\/08\/inauguracja-roku-akademickiego-na-akademii-medycznej\/"},"modified":"2016-10-26T12:52:56","modified_gmt":"2016-10-26T12:52:56","slug":"inauguracja-roku-akademickiego-na-akademii-medycznej","status":"publish","type":"post","link":"http:\/\/b-borusewicz.pl\/index.php\/2011\/10\/08\/inauguracja-roku-akademickiego-na-akademii-medycznej\/","title":{"rendered":"Inauguracja Roku Akademickiego na Akademii Medycznej"},"content":{"rendered":"<div id=\"Zawartosc\"><img src=\"http:\/\/b.borusewicz.pl\/wp-content\/uploads\/2011\/10\/w_618_medium.jpeg\" border=\"0\" class=\"ikona\"\/><\/p>\n<div class=\"Zajawka\">\n<p>Marsza\u0142ek Senatu RP Bogdan Borusewicz wzi\u0105\u0142 udzia\u0142 w inauguracji roku akademickiego 2011\/2012 w Gda\u0144skim Uniwersytecie Medycznym.?<\/p>\n<\/div>\n<div class=\"Tresc\">\n<p style=\"text-align: left;\">Obecnie w Gda\u0144skim Uniwersytecie Medycznym studiuje blisko 6000 student\u00f3w Ta 66-ta ju\u017c inauguracja odby\u0142a si\u0119 w sali wyk\u0142adowej nowego Centrum Medycyny Inwazyjnej.<\/p>\n<p style=\"text-align: left;\">W 2008-mym roku, podczas uroczysto\u015bci wmurowania kamienia w\u0119gielnego ma\u0142o kto wierzy\u0142, \u017ce ten wspania\u0142y, nowocze\u015bnie wyposa\u017cony obiekt wart 400 milion\u00f3w z\u0142otych powstanie zaledwie w trzy lata. To najszybciej wybudowany szpital pa\u0144stwowy w Polsce! Ale to oczywi\u015bcie nie koniec zamierze\u0144, gdy\u017c nadal ponad po\u0142owa Klinik zostaje w starej, wys\u0142u\u017conej bazie lokalowej.<\/p>\n<p style=\"text-align: left;\">Nast\u0119pnym etapem powinna by\u0107 budowa Centrum Medycyny Nieinwazyjnej, a tak\u017ce modernizacja i remont starych klinik.<\/p>\n<p style=\"text-align: left;\">&#8222;Patrz\u0105c w przysz\u0142o\u015b\u0107, nie zapominamy o dziedzictwie naszej Alma Mater&#8221;- powiedzia\u0142 w przem\u00f3wieniu\u00a0 inauguracyjmym Rektor GUM profesor Janusz Mory\u015b. W tym roku po raz pierwszy 15-tego grudnia na Uczelni obchodzony b\u0119dzie &#8222;Dzie\u0144 Wyk\u0142adu&#8221;, jako pami\u0105tka dw\u00f3ch wyk\u0142ad\u00f3w wyg\u0142oszonych przez profesora Micha\u0142a Reichera. 15 grudnia 1939 roku profesor Reicher wyg\u0142osi\u0142 ostatni wyk\u0142ad na Wydziale Lekarskim Uniwersytetu Stefana Batorego w Wilnie przed zamkni\u0119ciem Uniwersytetu, a 15 grudnia 1945 roku pierwszy wyk\u0142ad w Gda\u0144sku, gdzie po wojnie znalaz\u0142o si\u0119 wiele os\u00f3b z Wilna. ?<\/p>\n<\/div>\n<p><img src=\"http:\/\/b.borusewicz.pl\/wp-content\/uploads\/2011\/10\/w_618_a.jpeg\" border=\"1\" class=\"foto\"\/><img src=\"http:\/\/b.borusewicz.pl\/wp-content\/uploads\/2011\/10\/w_618_b.jpeg\" border=\"1\" class=\"foto\"\/><img src=\"http:\/\/b.borusewicz.pl\/wp-content\/uploads\/2011\/10\/w_618_c.jpeg\" border=\"1\" class=\"foto\"\/><img src=\"http:\/\/b.borusewicz.pl\/wp-content\/uploads\/2011\/10\/w_618_d.jpeg\" border=\"1\" class=\"foto\"\/>\n<\/div>\n","protected":false},"excerpt":{"rendered":"<p>Marsza\u0142ek Senatu RP Bogdan Borusewicz wzi\u0105\u0142 udzia\u0142 w inauguracji roku akademickiego 2011\/2012 w Gda\u0144skim Uniwersytecie Medycznym.? Obecnie w Gda\u0144skim Uniwersytecie Medycznym studiuje blisko 6000 student\u00f3w Ta 66-ta ju\u017c inauguracja odby\u0142a si\u0119 w sali wyk\u0142adowej&#46;&#46;&#46;<\/p>\n","protected":false},"author":1,"featured_media":2713,"comment_status":"open","ping_status":"open","sticky":false,"template":"","format":"standard","meta":[],"categories":[2,4],"tags":[],"_links":{"self":[{"href":"http:\/\/b-borusewicz.pl\/index.php\/wp-json\/wp\/v2\/posts\/1698"}],"collection":[{"href":"http:\/\/b-borusewicz.pl\/index.php\/wp-json\/wp\/v2\/posts"}],"about":[{"href":"http:\/\/b-borusewicz.pl\/index.php\/wp-json\/wp\/v2\/types\/post"}],"author":[{"embeddable":true,"href":"http:\/\/b-borusewicz.pl\/index.php\/wp-json\/wp\/v2\/users\/1"}],"replies":[{"embeddable":true,"href":"http:\/\/b-borusewicz.pl\/index.php\/wp-json\/wp\/v2\/comments?post=1698"}],"version-history":[{"count":1,"href":"http:\/\/b-borusewicz.pl\/index.php\/wp-json\/wp\/v2\/posts\/1698\/revisions"}],"predecessor-version":[{"id":2718,"href":"http:\/\/b-borusewicz.pl\/index.php\/wp-json\/wp\/v2\/posts\/1698\/revisions\/2718"}],"wp:featuredmedia":[{"embeddable":true,"href":"http:\/\/b-borusewicz.pl\/index.php\/wp-json\/wp\/v2\/media\/2713"}],"wp:attachment":[{"href":"http:\/\/b-borusewicz.pl\/index.php\/wp-json\/wp\/v2\/media?parent=1698"}],"wp:term":[{"taxonomy":"category","embeddable":true,"href":"http:\/\/b-borusewicz.pl\/index.php\/wp-json\/wp\/v2\/categories?post=1698"},{"taxonomy":"post_tag","embeddable":true,"href":"http:\/\/b-borusewicz.pl\/index.php\/wp-json\/wp\/v2\/tags?post=1698"}],"curies":[{"name":"wp","href":"https:\/\/api.w.org\/{rel}","templated":true}]}}