{"id":1695,"date":"2011-09-29T00:00:00","date_gmt":"2011-09-29T00:00:00","guid":{"rendered":"http:\/\/b.borusewicz.pl\/index.php\/2011\/09\/29\/podsumowanie-vii-kadencji-senatu-rp\/"},"modified":"2011-09-29T00:00:00","modified_gmt":"2011-09-29T00:00:00","slug":"podsumowanie-vii-kadencji-senatu-rp","status":"publish","type":"post","link":"http:\/\/b-borusewicz.pl\/index.php\/2011\/09\/29\/podsumowanie-vii-kadencji-senatu-rp\/","title":{"rendered":"Podsumowanie VII Kadencji Senatu RP"},"content":{"rendered":"<p><!--more--><\/p>\n<div id=\"Zawartosc\">\n<div class=\"Zajawka\">\n<p>Szanowni Pa\u0144stwo!<\/p>\n<p>W zwi\u0105zku z zako\u0144czeniem VII Kadencji Senatu RP chcia\u0142bym przekaza\u0107 Pa\u0144stwu informacje o pracach Izby, kt\u00f3r\u0105 kierowa\u0142em.<\/p>\n<p>?<\/p>\n<\/div>\n<div class=\"Tresc\">\n<p>By\u0142a to bardzo pracowita kadencja. Odby\u0142y si\u0119 83 posiedzenia, w trakcie kt\u00f3rych rozpatrzyli\u015bmy 973 ustawy skierowane przez Sejm. Senat wni\u00f3s\u0142 do nich 5\u00a0408 poprawek, z kt\u00f3rych przyj\u0119to 86%. Senat skierowa\u0142 do Sejmu 124 w\u0142asne inicjatywy ustawodawcze; w cz\u0119\u015bci by\u0142a to realizacja zaleg\u0142ych wyrok\u00f3w Trybuna\u0142u Konstytucyjnego oraz postulat\u00f3w zawartych w petycjach sk\u0142adanych przez obywateli i organizacje pozarz\u0105dowe w Senacie. Umo\u017cliwia\u0142a to zmiana regulaminu, kt\u00f3ra zosta\u0142a dokonana w tej kadencji.<\/p>\n<p>Inna bardzo wa\u017cna dzia\u0142alno\u015b\u0107 Senatu to opieka nad naszymi rodakami rozsianymi po ca\u0142ym \u015bwiecie. Z trzystu milion\u00f3w z\u0142otych b\u0119d\u0105cych w dyspozycji Senatu, na Litw\u0119, Ukrain\u0119 i Bia\u0142oru\u015b skierowali\u015bmy 48% tej kwoty. Najwi\u0119ksz\u0105 sum\u0105 ? \u0142\u0105cznie sze\u015b\u0107dziesi\u0119cioma trzema milionami z\u0142otych zostali wsparci Polacy na Litwie. Pomoc ta by\u0142a adresowana przede wszystkim dla polskiego szkolnictwa.<\/p>\n<p>Wiele uwagi Senat po\u015bwi\u0119ci\u0142 tak\u017ce wsp\u00f3\u0142pracy z samorz\u0105dami terytorialnymi oraz organizacjami pozarz\u0105dowymi. Regularnie odbywa\u0142y si\u0119 zebrania Parlamentarnego Zespo\u0142u do Spraw Wsp\u00f3\u0142pracy z Organizacjami Pozarz\u0105dowymi. Dzi\u0119ki pracy Zespo\u0142u uda\u0142o si\u0119 usprawni\u0107 przekazywanie 1% naszych podatk\u00f3w dla organizacji po\u017cytku publicznego i zwolni\u0107 z podatku VAT \u017cywno\u015b\u0107 przekazywan\u0105 przez producent\u00f3w do ?Bank\u00f3w \u017bywno\u015bci?.<\/p>\n<p>Ponadto Senat RP aktywnie dzia\u0142a w Stowarzyszeniu Senat\u00f3w Europy.<\/p>\n<p>W dniach 23-24 pa\u017adziernika 2009 z okazji 20.rocznicy odrodzenia Senatu RP Spotkanie Stowarzyszenia Senat\u00f3w Europy odby\u0142o si\u0119 z mojej inicjatywy w Gda\u0144sku. By\u0142o to nadzwyczajne spotkanie, kt\u00f3re odbywa\u0142o si\u0119 pod has\u0142em ?Demokracja w Europie w dwadzie\u015bcia lat po pierwszych wolnych wyborach na wsch\u00f3d od Muru Berli\u0144skiego ? Europa w \u015bwiecie w dwadzie\u015bcia lat po zimnej wojnie?. W trakcie gda\u0144skich obrad przewodnicz\u0105cy wy\u017cszych izb parlament\u00f3w mieli mo\u017cliwo\u015b\u0107 poznania naszej polskiej drogi do wolno\u015bci. Senat RP zainicjowa\u0142 tak\u017ce wsp\u00f3\u0142prac\u0119 pomi\u0119dzy samorz\u0105dami Polski i Rosji, w ramach kt\u00f3rej corocznie odbywa\u0142o si\u0119 Forum Region\u00f3w, b\u0119d\u0105ce dobr\u0105 p\u0142aszczyzn\u0105 porozumienia na poziomie lokalnym obu pa\u0144stw.<\/p>\n<p>Nawi\u0105zana te\u017c zosta\u0142a regionalna wsp\u00f3\u0142praca z Francj\u0105, co jeszcze wzbogaci\u0142o dotychczasowe rozleg\u0142e kontakty zagraniczne wojew\u00f3dztwa pomorskiego i pozosta\u0142ych wojew\u00f3dztw naszego kraju.<\/p>\n<p>Senat Rzeczypospolitej Polskiej, zwany te\u017c ?Izb\u0105 Wy\u017csz\u0105 Parlamentu?, historycznie by\u0142 niezmiennie likwidowany w chwilach gdy tracili\u015bmy niepodleg\u0142o\u015b\u0107, a przywracany wraz z odzyskiwaniem przez Polsk\u0119 suwerenno\u015bci<\/p>\n<p>Poniewa\u017c wydaje si\u0119, \u017ce praca Senatu RP jest stosunkowo mniej znana opinii publicznej, wraz z zako\u0144czeniem kadencji przekazuj\u0119 Pa\u0144stwu te informacje.<\/p>\n<p>\u00a0<\/p>\n<p>Z powa\u017caniem<\/p>\n<p>Bogdan Borusewicz <\/p>\n<p>?<\/p>\n<\/div>\n<\/div>\n","protected":false},"excerpt":{"rendered":"","protected":false},"author":1,"featured_media":0,"comment_status":"open","ping_status":"open","sticky":false,"template":"","format":"standard","meta":[],"categories":[2,4],"tags":[],"_links":{"self":[{"href":"http:\/\/b-borusewicz.pl\/index.php\/wp-json\/wp\/v2\/posts\/1695"}],"collection":[{"href":"http:\/\/b-borusewicz.pl\/index.php\/wp-json\/wp\/v2\/posts"}],"about":[{"href":"http:\/\/b-borusewicz.pl\/index.php\/wp-json\/wp\/v2\/types\/post"}],"author":[{"embeddable":true,"href":"http:\/\/b-borusewicz.pl\/index.php\/wp-json\/wp\/v2\/users\/1"}],"replies":[{"embeddable":true,"href":"http:\/\/b-borusewicz.pl\/index.php\/wp-json\/wp\/v2\/comments?post=1695"}],"version-history":[{"count":0,"href":"http:\/\/b-borusewicz.pl\/index.php\/wp-json\/wp\/v2\/posts\/1695\/revisions"}],"wp:attachment":[{"href":"http:\/\/b-borusewicz.pl\/index.php\/wp-json\/wp\/v2\/media?parent=1695"}],"wp:term":[{"taxonomy":"category","embeddable":true,"href":"http:\/\/b-borusewicz.pl\/index.php\/wp-json\/wp\/v2\/categories?post=1695"},{"taxonomy":"post_tag","embeddable":true,"href":"http:\/\/b-borusewicz.pl\/index.php\/wp-json\/wp\/v2\/tags?post=1695"}],"curies":[{"name":"wp","href":"https:\/\/api.w.org\/{rel}","templated":true}]}}