{"id":1692,"date":"2011-09-18T00:00:00","date_gmt":"2011-09-18T00:00:00","guid":{"rendered":"http:\/\/b.borusewicz.pl\/index.php\/2011\/09\/18\/nowy-most-przez-wisle\/"},"modified":"2016-10-26T12:52:51","modified_gmt":"2016-10-26T12:52:51","slug":"nowy-most-przez-wisle","status":"publish","type":"post","link":"http:\/\/b-borusewicz.pl\/index.php\/2011\/09\/18\/nowy-most-przez-wisle\/","title":{"rendered":"Nowy most przez Wis\u0142\u0119"},"content":{"rendered":"<div id=\"Zawartosc\"><img src=\"http:\/\/b.borusewicz.pl\/wp-content\/uploads\/2011\/09\/w_612_medium.jpeg\" border=\"0\" class=\"ikona\"\/><\/p>\n<div class=\"Zajawka\">\n<p>Marsza\u0142ek Senatu RP Bogdan Borusewicz spotka\u0142 si\u0119 na budowie mostu z burmistrzem Kwidzyna Andrzejem Krzysztofiakiem, pos\u0142em Jerzym Kozdroniem oraz z Leszkiem Czarnobajem. ?<\/p>\n<\/div>\n<div class=\"Tresc\">\n<p style=\"margin-bottom: 0cm;\">Na miejscu, w okolicy wsi Tymawa wida\u0107 jak d\u0142ugoletnie starania o wybudowanie mostu \u0142\u0105cz\u0105cego Gniew i Kwidzyn nareszcie staj\u0105 si\u0119 faktem!<\/p>\n<p style=\"margin-bottom: 0cm;\">Spotkanie zako\u0144czy\u0142o si\u0119 przy promie w Gniewie, kt\u00f3rego nap\u0119dem jest wy\u0142\u0105cznie pr\u0105d Wis\u0142y.<\/p>\n<p style=\"margin-bottom: 0cm;\">?Ju\u017c nied\u0142ugo, po wybudowaniu tak d\u0142ugo oczekiwanego mostu, prom w Gniewie b\u0119dzie m\u00f3g\u0142 by\u0107 wy\u0142\u0105cznie atrakcj\u0105 turystyczn\u0105? ? stwierdzi\u0142 Pan Marsza\u0142ek.<\/p>\n<p>?<\/p>\n<\/div>\n<p><img src=\"http:\/\/b.borusewicz.pl\/wp-content\/uploads\/2011\/09\/w_612_a.jpeg\" border=\"1\" class=\"foto\"\/><img src=\"http:\/\/b.borusewicz.pl\/wp-content\/uploads\/2011\/09\/w_612_c.jpeg\" border=\"1\" class=\"foto\"\/><img src=\"http:\/\/b.borusewicz.pl\/wp-content\/uploads\/2011\/09\/w_612_d.jpeg\" border=\"1\" class=\"foto\"\/><img src=\"http:\/\/b.borusewicz.pl\/wp-content\/uploads\/2011\/09\/w_612_e.jpeg\" border=\"1\" class=\"foto\"\/>\n<\/div>\n","protected":false},"excerpt":{"rendered":"<p>Marsza\u0142ek Senatu RP Bogdan Borusewicz spotka\u0142 si\u0119 na budowie mostu z burmistrzem Kwidzyna Andrzejem Krzysztofiakiem, pos\u0142em Jerzym Kozdroniem oraz z Leszkiem Czarnobajem. ? Na miejscu, w okolicy wsi Tymawa wida\u0107 jak d\u0142ugoletnie starania o&#46;&#46;&#46;<\/p>\n","protected":false},"author":1,"featured_media":2687,"comment_status":"open","ping_status":"open","sticky":false,"template":"","format":"standard","meta":[],"categories":[2,4],"tags":[],"_links":{"self":[{"href":"http:\/\/b-borusewicz.pl\/index.php\/wp-json\/wp\/v2\/posts\/1692"}],"collection":[{"href":"http:\/\/b-borusewicz.pl\/index.php\/wp-json\/wp\/v2\/posts"}],"about":[{"href":"http:\/\/b-borusewicz.pl\/index.php\/wp-json\/wp\/v2\/types\/post"}],"author":[{"embeddable":true,"href":"http:\/\/b-borusewicz.pl\/index.php\/wp-json\/wp\/v2\/users\/1"}],"replies":[{"embeddable":true,"href":"http:\/\/b-borusewicz.pl\/index.php\/wp-json\/wp\/v2\/comments?post=1692"}],"version-history":[{"count":1,"href":"http:\/\/b-borusewicz.pl\/index.php\/wp-json\/wp\/v2\/posts\/1692\/revisions"}],"predecessor-version":[{"id":2692,"href":"http:\/\/b-borusewicz.pl\/index.php\/wp-json\/wp\/v2\/posts\/1692\/revisions\/2692"}],"wp:featuredmedia":[{"embeddable":true,"href":"http:\/\/b-borusewicz.pl\/index.php\/wp-json\/wp\/v2\/media\/2687"}],"wp:attachment":[{"href":"http:\/\/b-borusewicz.pl\/index.php\/wp-json\/wp\/v2\/media?parent=1692"}],"wp:term":[{"taxonomy":"category","embeddable":true,"href":"http:\/\/b-borusewicz.pl\/index.php\/wp-json\/wp\/v2\/categories?post=1692"},{"taxonomy":"post_tag","embeddable":true,"href":"http:\/\/b-borusewicz.pl\/index.php\/wp-json\/wp\/v2\/tags?post=1692"}],"curies":[{"name":"wp","href":"https:\/\/api.w.org\/{rel}","templated":true}]}}