{"id":1688,"date":"2011-09-05T00:00:00","date_gmt":"2011-09-05T00:00:00","guid":{"rendered":"http:\/\/b.borusewicz.pl\/index.php\/2011\/09\/05\/sesja-strategiczna-energetyka-gazowa-wyzwania-i-szanse-dla-polski-i-pomorza\/"},"modified":"2016-10-26T12:52:47","modified_gmt":"2016-10-26T12:52:47","slug":"sesja-strategiczna-energetyka-gazowa-wyzwania-i-szanse-dla-polski-i-pomorza","status":"publish","type":"post","link":"http:\/\/b-borusewicz.pl\/index.php\/2011\/09\/05\/sesja-strategiczna-energetyka-gazowa-wyzwania-i-szanse-dla-polski-i-pomorza\/","title":{"rendered":"Sesja Strategiczna Energetyka Gazowa ? Wyzwania i Szanse dla Polski i Pomorza"},"content":{"rendered":"<div id=\"Zawartosc\"><img src=\"http:\/\/b.borusewicz.pl\/wp-content\/uploads\/2011\/09\/w_607_medium.jpeg\" border=\"0\" class=\"ikona\"\/><\/p>\n<div class=\"Zajawka\">\n<p>South Balic Gas Forum odbywa si\u0119 w dniach 5 ? 8 wrzesnia 2011 na Politechnice Gda\u0144skiej. Koncepcja Forum powsta\u0142a w wyniku wsp\u00f3\u0142pracy pomorskich \u015brodowisk akademickich, przemys\u0142owych oraz samorz\u0105d\u00f3w terytorialnych.?<\/p>\n<\/div>\n<div class=\"Tresc\">\n<p style=\"margin-bottom: 0cm;\">W debacie panelowej zatytu\u0142owanej. ?Rozw\u00f3j polskiej gospodarki w oparciu o energetyk\u0119 gazow\u0105? uczestniczyli mi\u0119dzy innymi przewodnicz\u0105cy Parlamentu Europejskiego Jerzy Buzek, Marsza\u0142ek Senatu RP Bogdan Borusewicz, profesor Sydney Green z Uniwersytetu Utah w USA, przedstawiciele Ministerstwa Spraw Zagranicznych, Ministerstwa Ochrony \u015arodowiska, Ambasady Kanadyjskiej, du\u017ca grupa naukowc\u00f3w z Politechniki Gda\u0144skiej z Rektorem uczelni, reprezentacja pracodawc\u00f3w Pomorza, w\u0142adze rz\u0105dowe i samorz\u0105dowe wojew\u00f3dztwa pomorskiego, w tym du\u017ca grupa starost\u00f3w, burmistrz\u00f3w i w\u00f3jt\u00f3w.<\/p>\n<p style=\"margin-bottom: 0cm;\">Oczywi\u015bcie nie zabrak\u0142o te\u017c najwi\u0119kszych przedsi\u0119biorstw z Pomorza, w tym dyrektora Pomorskiej Sp\u00f3\u0142ki Gazownictwa, kt\u00f3ry przedstawi\u0142 w jakiej fazie poszukiwa\u0144 i bada\u0144 jeste\u015bmy.<\/p>\n<p style=\"margin-bottom: 0cm;\">W idei South Balic Gas Forum 2011 chodzi o przedyskutowanie zmian w \u015bwiatowym krajobrazie energetycznym opartym zar\u00f3wno na gazie konwencjonalnym jak i niekonwencjonalnym oraz o rozpoznanie potencja\u0142u gazowego Pomorza.<\/p>\n<p style=\"margin-bottom: 0cm;\">Zdaniem Jerzego Buzka w dyskusjach nale\u017cy przede wszystkim koncentrowa\u0107 si\u0119 na szansach jakie mo\u017cemy mie\u0107 z gazu \u0142upkowego.<\/p>\n<p style=\"margin-bottom: 0cm;\">Marsza\u0142ek Wojew\u00f3dztwa Pomorskiego Mieczys\u0142aw Struk powiedzia\u0142, \u017ce obecnie koncesje obejmuj\u0105 oko\u0142o 80% powierzchni regionu. Pomorskie staje si\u0119 krajowym liderem je\u015bli chodzi o gaz \u0142upkowy. Jest to sprawa na tyle wa\u017cna, \u017ce samorz\u0105d wojew\u00f3dztwa postanowi\u0142 przyst\u0105pi\u0107 do zmiany strategii rozwoju gospodarczego regionu.<\/p>\n<p style=\"margin-bottom: 0cm;\">Marsza\u0142ek Senatu RP Bogdan Borusewicz wskaza\u0142, \u017ce odkrycie w naszym wojew\u00f3dztwie du\u017cych z\u0142\u00f3\u017c gazu \u0142upkowego budzi wielkie nadzieje na rozw\u00f3j gospodarczy Pomorza i ca\u0142ego kraju. Wa\u017cne jest te\u017c, \u017ce jest mo\u017cliwo\u015b\u0107 przechowywania gazu w kawernach. A je\u015bli potwierdz\u0105 si\u0119 przewidywania co do mo\u017cliwo\u015bci wydobycia du\u017cych ilo\u015bci gazu, mo\u017ce zaj\u015b\u0107 potrzeba wybudowania na Zatoce Gda\u0144skiej drugiego terminalu na gaz.<\/p>\n<p>?<\/p>\n<\/div>\n<p><img src=\"http:\/\/b.borusewicz.pl\/wp-content\/uploads\/2011\/09\/w_607_a.jpeg\" border=\"1\" class=\"foto\"\/><img src=\"http:\/\/b.borusewicz.pl\/wp-content\/uploads\/2011\/09\/w_607_b.jpeg\" border=\"1\" class=\"foto\"\/><img src=\"http:\/\/b.borusewicz.pl\/wp-content\/uploads\/2011\/09\/w_607_c.jpeg\" border=\"1\" class=\"foto\"\/><img src=\"http:\/\/b.borusewicz.pl\/wp-content\/uploads\/2011\/09\/w_607_d.jpeg\" border=\"1\" class=\"foto\"\/>\n<\/div>\n","protected":false},"excerpt":{"rendered":"<p>South Balic Gas Forum odbywa si\u0119 w dniach 5 ? 8 wrzesnia 2011 na Politechnice Gda\u0144skiej. Koncepcja Forum powsta\u0142a w wyniku wsp\u00f3\u0142pracy pomorskich \u015brodowisk akademickich, przemys\u0142owych oraz samorz\u0105d\u00f3w terytorialnych.? W debacie panelowej zatytu\u0142owanej. ?Rozw\u00f3j&#46;&#46;&#46;<\/p>\n","protected":false},"author":1,"featured_media":2669,"comment_status":"open","ping_status":"open","sticky":false,"template":"","format":"standard","meta":[],"categories":[2,4],"tags":[],"_links":{"self":[{"href":"http:\/\/b-borusewicz.pl\/index.php\/wp-json\/wp\/v2\/posts\/1688"}],"collection":[{"href":"http:\/\/b-borusewicz.pl\/index.php\/wp-json\/wp\/v2\/posts"}],"about":[{"href":"http:\/\/b-borusewicz.pl\/index.php\/wp-json\/wp\/v2\/types\/post"}],"author":[{"embeddable":true,"href":"http:\/\/b-borusewicz.pl\/index.php\/wp-json\/wp\/v2\/users\/1"}],"replies":[{"embeddable":true,"href":"http:\/\/b-borusewicz.pl\/index.php\/wp-json\/wp\/v2\/comments?post=1688"}],"version-history":[{"count":1,"href":"http:\/\/b-borusewicz.pl\/index.php\/wp-json\/wp\/v2\/posts\/1688\/revisions"}],"predecessor-version":[{"id":2674,"href":"http:\/\/b-borusewicz.pl\/index.php\/wp-json\/wp\/v2\/posts\/1688\/revisions\/2674"}],"wp:featuredmedia":[{"embeddable":true,"href":"http:\/\/b-borusewicz.pl\/index.php\/wp-json\/wp\/v2\/media\/2669"}],"wp:attachment":[{"href":"http:\/\/b-borusewicz.pl\/index.php\/wp-json\/wp\/v2\/media?parent=1688"}],"wp:term":[{"taxonomy":"category","embeddable":true,"href":"http:\/\/b-borusewicz.pl\/index.php\/wp-json\/wp\/v2\/categories?post=1688"},{"taxonomy":"post_tag","embeddable":true,"href":"http:\/\/b-borusewicz.pl\/index.php\/wp-json\/wp\/v2\/tags?post=1688"}],"curies":[{"name":"wp","href":"https:\/\/api.w.org\/{rel}","templated":true}]}}