{"id":1686,"date":"2011-09-02T00:00:00","date_gmt":"2011-09-02T00:00:00","guid":{"rendered":"http:\/\/b.borusewicz.pl\/index.php\/2011\/09\/02\/otwarcie-wystawy-plenerowej-powrot-majora\/"},"modified":"2016-10-26T12:52:44","modified_gmt":"2016-10-26T12:52:44","slug":"otwarcie-wystawy-plenerowej-powrot-majora","status":"publish","type":"post","link":"http:\/\/b-borusewicz.pl\/index.php\/2011\/09\/02\/otwarcie-wystawy-plenerowej-powrot-majora\/","title":{"rendered":"Otwarcie wystawy plenerowej ?Powr\u00f3t Majora?."},"content":{"rendered":"<div id=\"Zawartosc\"><img src=\"http:\/\/b.borusewicz.pl\/wp-content\/uploads\/2011\/09\/w_605_medium.jpeg\" border=\"0\" class=\"ikona\"\/><\/p>\n<div class=\"Zajawka\">\n<p>Otwarta na D\u0142ugim Targu wystawa to zaopatrzone ciekawymi komentarzami nieznane zdj\u0119cia pokazuj\u0105ce sprowadzenie do Gda\u0144ska proch\u00f3w Majora Sucharskiego.<\/p>\n<\/div>\n<div class=\"Tresc\">\n<p style=\"margin-bottom: 0cm;\">27 sierpnia 1971 roku nie tylko Westerplatczycy, ale tak\u017ce tysi\u0105ce zwyk\u0142ych ludzi, spontanicznie przyby\u0142o powita\u0107 na ojczystej ziemi bohaterskiego Majora.<\/p>\n<p style=\"margin-bottom: 0cm;\">Marsza\u0142ek Senatu Bogdan Borusewicz przemawiaj\u0105c na otwarciu wystawy powiedzia\u0142, \u017ce powitanie Majora Sucharskiego w Gda\u0144sku by\u0142o patriotyczn\u0105 manifestacj\u0105, kt\u00f3ra wpisa\u0142a si\u0119 w ci\u0105g zdarze\u0144, kt\u00f3re doprowadzi\u0142y do sierpnia 1980.<\/p>\n<p style=\"margin-bottom: 0cm;\">Wyrazi\u0142 uznanie dla autor\u00f3w wystawy, kt\u00f3rymi s\u0105 Stefan Figlarowicz i Nina Smolarz oraz dla wszystkich, kt\u00f3rzy przyczynili si\u0119 do przypomnienia tych wa\u017cnych chwil sprzed czterdziestu lat.<\/p>\n<p style=\"margin-bottom: 0cm;\">W tamtych czasach, zaledwie kilka miesi\u0119cy po tragicznym grudniu 1970, zgoda na sprowadzenie proch\u00f3w Majora by\u0142a czym\u015b co odbiega\u0142o od praktyki tamtych czas\u00f3w.<\/p>\n<p style=\"margin-bottom: 0cm;\">O tym jaka by\u0142a reakcja Edwarda Gierka i \u00f3wczesnych w\u0142adz na to wielkie spontaniczne zgromadzenie opowiedzia\u0142 obecny na wernisa\u017cu Tadeusz Fiszbach.<\/p>\n<p>?<\/p>\n<p>?<\/p>\n<\/div>\n<p><img src=\"http:\/\/b.borusewicz.pl\/wp-content\/uploads\/2011\/09\/w_605_a.jpeg\" border=\"1\" class=\"foto\"\/><img src=\"http:\/\/b.borusewicz.pl\/wp-content\/uploads\/2011\/09\/w_605_b.jpeg\" border=\"1\" class=\"foto\"\/><img src=\"http:\/\/b.borusewicz.pl\/wp-content\/uploads\/2011\/09\/w_605_c.jpeg\" border=\"1\" class=\"foto\"\/><img src=\"http:\/\/b.borusewicz.pl\/wp-content\/uploads\/2011\/09\/w_605_d.jpeg\" border=\"1\" class=\"foto\"\/>\n<\/div>\n","protected":false},"excerpt":{"rendered":"<p>Otwarta na D\u0142ugim Targu wystawa to zaopatrzone ciekawymi komentarzami nieznane zdj\u0119cia pokazuj\u0105ce sprowadzenie do Gda\u0144ska proch\u00f3w Majora Sucharskiego. 27 sierpnia 1971 roku nie tylko Westerplatczycy, ale tak\u017ce tysi\u0105ce zwyk\u0142ych ludzi, spontanicznie przyby\u0142o powita\u0107 na&#46;&#46;&#46;<\/p>\n","protected":false},"author":1,"featured_media":2656,"comment_status":"open","ping_status":"open","sticky":false,"template":"","format":"standard","meta":[],"categories":[2,4],"tags":[],"_links":{"self":[{"href":"http:\/\/b-borusewicz.pl\/index.php\/wp-json\/wp\/v2\/posts\/1686"}],"collection":[{"href":"http:\/\/b-borusewicz.pl\/index.php\/wp-json\/wp\/v2\/posts"}],"about":[{"href":"http:\/\/b-borusewicz.pl\/index.php\/wp-json\/wp\/v2\/types\/post"}],"author":[{"embeddable":true,"href":"http:\/\/b-borusewicz.pl\/index.php\/wp-json\/wp\/v2\/users\/1"}],"replies":[{"embeddable":true,"href":"http:\/\/b-borusewicz.pl\/index.php\/wp-json\/wp\/v2\/comments?post=1686"}],"version-history":[{"count":1,"href":"http:\/\/b-borusewicz.pl\/index.php\/wp-json\/wp\/v2\/posts\/1686\/revisions"}],"predecessor-version":[{"id":2661,"href":"http:\/\/b-borusewicz.pl\/index.php\/wp-json\/wp\/v2\/posts\/1686\/revisions\/2661"}],"wp:featuredmedia":[{"embeddable":true,"href":"http:\/\/b-borusewicz.pl\/index.php\/wp-json\/wp\/v2\/media\/2656"}],"wp:attachment":[{"href":"http:\/\/b-borusewicz.pl\/index.php\/wp-json\/wp\/v2\/media?parent=1686"}],"wp:term":[{"taxonomy":"category","embeddable":true,"href":"http:\/\/b-borusewicz.pl\/index.php\/wp-json\/wp\/v2\/categories?post=1686"},{"taxonomy":"post_tag","embeddable":true,"href":"http:\/\/b-borusewicz.pl\/index.php\/wp-json\/wp\/v2\/tags?post=1686"}],"curies":[{"name":"wp","href":"https:\/\/api.w.org\/{rel}","templated":true}]}}