{"id":1675,"date":"2011-05-09T00:00:00","date_gmt":"2011-05-09T00:00:00","guid":{"rendered":"http:\/\/b.borusewicz.pl\/index.php\/2011\/05\/09\/vii-edycja-akademii-solidarnosci\/"},"modified":"2016-10-26T12:52:29","modified_gmt":"2016-10-26T12:52:29","slug":"vii-edycja-akademii-solidarnosci","status":"publish","type":"post","link":"http:\/\/b-borusewicz.pl\/index.php\/2011\/05\/09\/vii-edycja-akademii-solidarnosci\/","title":{"rendered":"VII edycja Akademii Solidarno\u015bci"},"content":{"rendered":"<div id=\"Zawartosc\"><img src=\"http:\/\/b.borusewicz.pl\/wp-content\/uploads\/2011\/05\/w_576_medium.jpeg\" border=\"0\" class=\"ikona\"\/><\/p>\n<div class=\"Zajawka\">\n<p>Na zaproszenie Europejskiego Centrum Solidarno\u015bci Marsza\u0142ek Senatu RP Bogdan Borusewicz otworzy\u0142 VII edycj\u0119 Akademii Solidarno\u015bci.?<\/p>\n<\/div>\n<div class=\"Tresc\">\n<p style=\"margin-bottom: 0cm;\"><span style=\"font-family: Calibri,sans-serif;\"><span style=\"font-size: x-small;\">Do uczestnik\u00f3w i zaproszonych go\u015bci zwr\u00f3ci\u0142 si\u0119 s\u0142owem wst\u0119pnym na temat polskiej drogi do wolno\u015bci.<\/span><\/span><\/p>\n<p style=\"margin-bottom: 0cm;\"><span style=\"font-family: Calibri,sans-serif;\"><span style=\"font-size: x-small;\">Nie oby\u0142o si\u0119 tak\u017ce bez pyta\u0144 na temat dzia\u0142alno\u015bci opozycyjnej B.Borusewicza. Marsza\u0142ek dokona\u0142 tak\u017ce oceny aktualnej sytuacji spo\u0142eczno-ekonomicznej w krajach Europy-Wschodniej. <\/span><\/span><\/p>\n<p style=\"margin-bottom: 0cm;\"><span style=\"font-family: Calibri,sans-serif;\"><span style=\"font-size: x-small;\">W Akademii bierze udzia\u0142 50 os\u00f3b z nast\u0119puj\u0105cych kraj\u00f3w: Armenii, Azerbejd\u017canu, Bia\u0142orusi, Gruzji, Mo\u0142dawii, Ukrainy, Kazachstanu, Rosji oraz Polski.<\/span><\/span><\/p>\n<p style=\"margin-bottom: 0cm;\"><span style=\"font-family: Calibri,sans-serif;\"><span style=\"font-size: x-small;\">Uczestnikami b\u0119d\u0105 \u00a0g\u0142\u00f3wnie studenci, doktoranci, dzia\u0142acze spo\u0142eczni.<\/span><\/span><\/p>\n<p style=\"margin-bottom: 0cm;\">\u00a0<\/p>\n<p style=\"margin-bottom: 0cm;\">\u00a0<\/p>\n<p>?<\/p>\n<\/div>\n<p><img src=\"http:\/\/b.borusewicz.pl\/wp-content\/uploads\/2011\/05\/w_576_a.jpeg\" border=\"1\" class=\"foto\"\/><img src=\"http:\/\/b.borusewicz.pl\/wp-content\/uploads\/2011\/05\/w_576_b.jpeg\" border=\"1\" class=\"foto\"\/><img src=\"http:\/\/b.borusewicz.pl\/wp-content\/uploads\/2011\/05\/w_576_c.jpeg\" border=\"1\" class=\"foto\"\/><img src=\"http:\/\/b.borusewicz.pl\/wp-content\/uploads\/2011\/05\/w_576_d.jpeg\" border=\"1\" class=\"foto\"\/>\n<\/div>\n","protected":false},"excerpt":{"rendered":"<p>Na zaproszenie Europejskiego Centrum Solidarno\u015bci Marsza\u0142ek Senatu RP Bogdan Borusewicz otworzy\u0142 VII edycj\u0119 Akademii Solidarno\u015bci.? Do uczestnik\u00f3w i zaproszonych go\u015bci zwr\u00f3ci\u0142 si\u0119 s\u0142owem wst\u0119pnym na temat polskiej drogi do wolno\u015bci. Nie oby\u0142o si\u0119 tak\u017ce&#46;&#46;&#46;<\/p>\n","protected":false},"author":1,"featured_media":2594,"comment_status":"open","ping_status":"open","sticky":false,"template":"","format":"standard","meta":[],"categories":[2,4],"tags":[],"_links":{"self":[{"href":"http:\/\/b-borusewicz.pl\/index.php\/wp-json\/wp\/v2\/posts\/1675"}],"collection":[{"href":"http:\/\/b-borusewicz.pl\/index.php\/wp-json\/wp\/v2\/posts"}],"about":[{"href":"http:\/\/b-borusewicz.pl\/index.php\/wp-json\/wp\/v2\/types\/post"}],"author":[{"embeddable":true,"href":"http:\/\/b-borusewicz.pl\/index.php\/wp-json\/wp\/v2\/users\/1"}],"replies":[{"embeddable":true,"href":"http:\/\/b-borusewicz.pl\/index.php\/wp-json\/wp\/v2\/comments?post=1675"}],"version-history":[{"count":1,"href":"http:\/\/b-borusewicz.pl\/index.php\/wp-json\/wp\/v2\/posts\/1675\/revisions"}],"predecessor-version":[{"id":2599,"href":"http:\/\/b-borusewicz.pl\/index.php\/wp-json\/wp\/v2\/posts\/1675\/revisions\/2599"}],"wp:featuredmedia":[{"embeddable":true,"href":"http:\/\/b-borusewicz.pl\/index.php\/wp-json\/wp\/v2\/media\/2594"}],"wp:attachment":[{"href":"http:\/\/b-borusewicz.pl\/index.php\/wp-json\/wp\/v2\/media?parent=1675"}],"wp:term":[{"taxonomy":"category","embeddable":true,"href":"http:\/\/b-borusewicz.pl\/index.php\/wp-json\/wp\/v2\/categories?post=1675"},{"taxonomy":"post_tag","embeddable":true,"href":"http:\/\/b-borusewicz.pl\/index.php\/wp-json\/wp\/v2\/tags?post=1675"}],"curies":[{"name":"wp","href":"https:\/\/api.w.org\/{rel}","templated":true}]}}