{"id":1671,"date":"2011-04-07T00:00:00","date_gmt":"2011-04-07T00:00:00","guid":{"rendered":"http:\/\/b.borusewicz.pl\/index.php\/2011\/04\/07\/7-kwietnia-2011-wystawa-fotografii-kociewie-serdeczna-strona-swiata\/"},"modified":"2016-10-26T12:52:26","modified_gmt":"2016-10-26T12:52:26","slug":"7-kwietnia-2011-wystawa-fotografii-kociewie-serdeczna-strona-swiata","status":"publish","type":"post","link":"http:\/\/b-borusewicz.pl\/index.php\/2011\/04\/07\/7-kwietnia-2011-wystawa-fotografii-kociewie-serdeczna-strona-swiata\/","title":{"rendered":"7 kwietnia 2011 wystawa fotografii ?Kociewie ? serdeczna strona \u015bwiata?"},"content":{"rendered":"<div id=\"Zawartosc\"><img src=\"http:\/\/b.borusewicz.pl\/wp-content\/uploads\/2011\/04\/w_568_medium.jpeg\" border=\"0\" class=\"ikona\"\/><\/p>\n<div class=\"Zajawka\">\n<p>Pod powy\u017cszym tytu\u0142em 7 kwietnia w Oddziale Etnografii Muzeum Narodowego w Gda\u0144sku-Oliwie odby\u0142 si\u0119 wernisa\u017c zdj\u0119\u0107 z Kociewia. ?<\/p>\n<\/div>\n<div class=\"Tresc\">\n<p>Wernisa\u017c fotografii autorstwa Zenona Usarkiewicza by\u0142 po\u0142\u0105czony z jubileuszem 50-lecia pracy tw\u00f3rczej Pana Edmunda Zieli\u0144skiego, artysty ludowego z Kociewia. Spotkanie u\u015bwietni\u0142 wyst\u0119p Kapeli Kociewskiej ze Starogardu Gda\u0144skiego.<\/p>\n<p>Do Muzeum przyby\u0142o wielu go\u015bci ? przyjaci\u00f3\u0142 Kociewia.<br \/>Marsza\u0142ek Senatu RP Bogdan Borusewicz pogratulowa\u0142 organizatorom pi\u0119knej wystawy, a tak\u017ce z\u0142o\u017cy\u0142 \u017cyczenia jubilatowi. ?<\/p>\n<\/div>\n<p><img src=\"http:\/\/b.borusewicz.pl\/wp-content\/uploads\/2011\/04\/w_568_a.jpeg\" border=\"1\" class=\"foto\"\/><img src=\"http:\/\/b.borusewicz.pl\/wp-content\/uploads\/2011\/04\/w_568_b.jpeg\" border=\"1\" class=\"foto\"\/><img src=\"http:\/\/b.borusewicz.pl\/wp-content\/uploads\/2011\/04\/w_568_c.jpeg\" border=\"1\" class=\"foto\"\/><img src=\"http:\/\/b.borusewicz.pl\/wp-content\/uploads\/2011\/04\/w_568_d.jpeg\" border=\"1\" class=\"foto\"\/>\n<\/div>\n","protected":false},"excerpt":{"rendered":"<p>Pod powy\u017cszym tytu\u0142em 7 kwietnia w Oddziale Etnografii Muzeum Narodowego w Gda\u0144sku-Oliwie odby\u0142 si\u0119 wernisa\u017c zdj\u0119\u0107 z Kociewia. ? Wernisa\u017c fotografii autorstwa Zenona Usarkiewicza by\u0142 po\u0142\u0105czony z jubileuszem 50-lecia pracy tw\u00f3rczej Pana Edmunda Zieli\u0144skiego,&#46;&#46;&#46;<\/p>\n","protected":false},"author":1,"featured_media":2579,"comment_status":"open","ping_status":"open","sticky":false,"template":"","format":"standard","meta":[],"categories":[2,4],"tags":[],"_links":{"self":[{"href":"http:\/\/b-borusewicz.pl\/index.php\/wp-json\/wp\/v2\/posts\/1671"}],"collection":[{"href":"http:\/\/b-borusewicz.pl\/index.php\/wp-json\/wp\/v2\/posts"}],"about":[{"href":"http:\/\/b-borusewicz.pl\/index.php\/wp-json\/wp\/v2\/types\/post"}],"author":[{"embeddable":true,"href":"http:\/\/b-borusewicz.pl\/index.php\/wp-json\/wp\/v2\/users\/1"}],"replies":[{"embeddable":true,"href":"http:\/\/b-borusewicz.pl\/index.php\/wp-json\/wp\/v2\/comments?post=1671"}],"version-history":[{"count":1,"href":"http:\/\/b-borusewicz.pl\/index.php\/wp-json\/wp\/v2\/posts\/1671\/revisions"}],"predecessor-version":[{"id":2584,"href":"http:\/\/b-borusewicz.pl\/index.php\/wp-json\/wp\/v2\/posts\/1671\/revisions\/2584"}],"wp:featuredmedia":[{"embeddable":true,"href":"http:\/\/b-borusewicz.pl\/index.php\/wp-json\/wp\/v2\/media\/2579"}],"wp:attachment":[{"href":"http:\/\/b-borusewicz.pl\/index.php\/wp-json\/wp\/v2\/media?parent=1671"}],"wp:term":[{"taxonomy":"category","embeddable":true,"href":"http:\/\/b-borusewicz.pl\/index.php\/wp-json\/wp\/v2\/categories?post=1671"},{"taxonomy":"post_tag","embeddable":true,"href":"http:\/\/b-borusewicz.pl\/index.php\/wp-json\/wp\/v2\/tags?post=1671"}],"curies":[{"name":"wp","href":"https:\/\/api.w.org\/{rel}","templated":true}]}}