{"id":1665,"date":"2011-02-10T00:00:00","date_gmt":"2011-02-10T00:00:00","guid":{"rendered":"http:\/\/b.borusewicz.pl\/index.php\/2011\/02\/10\/85-rocznica-nadania-praw-miejskich-gdyni\/"},"modified":"2016-10-26T12:52:17","modified_gmt":"2016-10-26T12:52:17","slug":"85-rocznica-nadania-praw-miejskich-gdyni","status":"publish","type":"post","link":"http:\/\/b-borusewicz.pl\/index.php\/2011\/02\/10\/85-rocznica-nadania-praw-miejskich-gdyni\/","title":{"rendered":"85. rocznica nadania praw miejskich Gdyni"},"content":{"rendered":"<p>Marsza\u0142ek Senatu RP Bogdan Borusewicz w godzinach wieczornych wzi\u0105\u0142 udzia\u0142 w uroczystej rocznicowej Sesji Rady Miasta Gdyni.<!--more--><\/p>\n<div id=\"Zawartosc\"><img src=\"http:\/\/b.borusewicz.pl\/wp-content\/uploads\/2011\/02\/w_556_medium.jpeg\" border=\"0\" class=\"ikona\"\/><\/p>\n<div class=\"Zajawka\"><\/div>\n<div class=\"Tresc\">   \t \t \t \t \t<!-- \t\t@page { size: 21cm 29.7cm; margin: 2cm } \t\tP { margin-bottom: 0.21cm } \t--> \t  u\u017c w kilka miesi\u0119cy po symbolicznych za\u015blubinach Polski z morzem zapad\u0142a decyzja o budowie portu w Gdyni (gdy\u017c Gda\u0144sk na mocy Traktatu Wersalskiego sta\u0142 si\u0119 Wolnym Miastem). W ten spos\u00f3b licz\u0105ca 1000 mieszka\u0144c\u00f3w rybacka wioska rozros\u0142a si\u0119 i  w 1926 roku uzyska\u0142a prawa miejskie (a ju\u017c przed wojn\u0105 by\u0142a licz\u0105cym ok. 120.000 mieszka\u0144c\u00f3w portowym miastem). <\/p>\n<p style=\"margin-bottom: 0cm\">Podczas Sesji trzy osoby otrzyma\u0142y Medal im Eugeniusza Kwiatkowskiego ?Za wybitne zas\u0142ugi dla Gdyni, a tak\u017ce zosta\u0142y wr\u0119czone nagrody ?Czas Gdyni? za najlepsz\u0105 gdy\u0144sk\u0105 inwestycj\u0119 roku 2010.<\/p>\n<\/p><\/div>\n<p><img src=\"http:\/\/b.borusewicz.pl\/wp-content\/uploads\/2011\/02\/w_556_a.jpeg\" border=\"1\" class=\"foto\"\/>\n<\/div>\n","protected":false},"excerpt":{"rendered":"<p>Marsza\u0142ek Senatu RP Bogdan Borusewicz w godzinach wieczornych wzi\u0105\u0142 udzia\u0142 w uroczystej rocznicowej Sesji Rady Miasta Gdyni.<\/p>\n","protected":false},"author":1,"featured_media":2551,"comment_status":"open","ping_status":"open","sticky":false,"template":"","format":"standard","meta":[],"categories":[2,4],"tags":[],"_links":{"self":[{"href":"http:\/\/b-borusewicz.pl\/index.php\/wp-json\/wp\/v2\/posts\/1665"}],"collection":[{"href":"http:\/\/b-borusewicz.pl\/index.php\/wp-json\/wp\/v2\/posts"}],"about":[{"href":"http:\/\/b-borusewicz.pl\/index.php\/wp-json\/wp\/v2\/types\/post"}],"author":[{"embeddable":true,"href":"http:\/\/b-borusewicz.pl\/index.php\/wp-json\/wp\/v2\/users\/1"}],"replies":[{"embeddable":true,"href":"http:\/\/b-borusewicz.pl\/index.php\/wp-json\/wp\/v2\/comments?post=1665"}],"version-history":[{"count":1,"href":"http:\/\/b-borusewicz.pl\/index.php\/wp-json\/wp\/v2\/posts\/1665\/revisions"}],"predecessor-version":[{"id":2553,"href":"http:\/\/b-borusewicz.pl\/index.php\/wp-json\/wp\/v2\/posts\/1665\/revisions\/2553"}],"wp:featuredmedia":[{"embeddable":true,"href":"http:\/\/b-borusewicz.pl\/index.php\/wp-json\/wp\/v2\/media\/2551"}],"wp:attachment":[{"href":"http:\/\/b-borusewicz.pl\/index.php\/wp-json\/wp\/v2\/media?parent=1665"}],"wp:term":[{"taxonomy":"category","embeddable":true,"href":"http:\/\/b-borusewicz.pl\/index.php\/wp-json\/wp\/v2\/categories?post=1665"},{"taxonomy":"post_tag","embeddable":true,"href":"http:\/\/b-borusewicz.pl\/index.php\/wp-json\/wp\/v2\/tags?post=1665"}],"curies":[{"name":"wp","href":"https:\/\/api.w.org\/{rel}","templated":true}]}}