{"id":1662,"date":"2011-01-31T00:00:00","date_gmt":"2011-01-31T00:00:00","guid":{"rendered":"http:\/\/b.borusewicz.pl\/index.php\/2011\/01\/31\/walny-zjazd-pomorskiej-izby-rolniczej\/"},"modified":"2011-01-31T00:00:00","modified_gmt":"2011-01-31T00:00:00","slug":"walny-zjazd-pomorskiej-izby-rolniczej","status":"publish","type":"post","link":"http:\/\/b-borusewicz.pl\/index.php\/2011\/01\/31\/walny-zjazd-pomorskiej-izby-rolniczej\/","title":{"rendered":"Walny Zjazd Pomorskiej Izby Rolniczej"},"content":{"rendered":"<p> <!--more--><divid=\"Zawartosc\"><imgsrc=\"images\/news\/w_553_medium.jpeg\"border=\"0\"class=\"ikona\"\/><divclass=\"Zajawka\">\n<p>W\u0141\u0119gowieodby\u0142si\u0119zjazdPomorskiejIzbyRolniczej,nakt\u00f3rymprzedstawianoproblemypomorskiegorolnictwa.<\/p>\n<\/div>\n<divclass=\"Tresc\">\t\t\t\t\t<!--\t\t@page{size:21cm29.7cm;margin:2cm}\t\tP{margin-bottom:0.21cm}\t-->\t<pstyle=\"margin-bottom:0cm\">Natym,ostatnimju\u017cwtejkadencjiZje\u017adzie,Marsza\u0142ekSenatuRPBogdanBorusewicz,wrazzPodsekretarzemStanuwMinisterstwieRolnictwaKazimierzemPlocke,wr\u0119cza\u0142delegatompodzi\u0119kowaniazazaanga\u017cowaniewprac\u0119Izbyprzezca\u0142\u0105kadencj\u0119.<\/p>\n<pstyle=\"margin-bottom:0cm\">R\u00f3wnie\u017cPanMarsza\u0142ekotrzyma\u0142odPomorskiejIzbyRolniczejpami\u0105tkow\u0105statuetk\u0119znast\u0119puj\u0105cymnapisem:?Zarz\u0105dPomorskiejIzbyRolniczejsk\u0142adaPanuMarsza\u0142kowiSenatuRPBogdanowiBorusewiczowiserdecznepodzi\u0119kowaniezawieloletni\u0105iowocn\u0105wsp\u00f3\u0142prac\u0119orazzaanga\u017cowaniewrozwi\u0105zywanieproblem\u00f3wpomorskiegorolnictwa.Licz\u0105cnadalsz\u0105wsp\u00f3\u0142prac\u0119zSamorz\u0105demRolniczym,kt\u00f3rejefektemb\u0119dziejeszczeintensywniejszyrozw\u00f3jobszar\u00f3wwiejskichPomorza,\u017cyczymysukces\u00f3ww\u017cyciuzawodowymiosobistym?.\u00a0<\/p>\n<\/div>\n<p><imgsrc=\"images\/news\/w_553_a.jpeg\"border=\"1\"class=\"foto\"\/><imgsrc=\"images\/news\/w_553_b.jpeg\"border=\"1\"class=\"foto\"\/><imgsrc=\"images\/news\/w_553_c.jpeg\"border=\"1\"class=\"foto\"\/><imgsrc=\"images\/news\/w_553_d.jpeg\"border=\"1\"class=\"foto\"\/>\n<\/div>\n","protected":false},"excerpt":{"rendered":"","protected":false},"author":1,"featured_media":3444,"comment_status":"open","ping_status":"open","sticky":false,"template":"","format":"standard","meta":[],"categories":[2,4],"tags":[],"_links":{"self":[{"href":"http:\/\/b-borusewicz.pl\/index.php\/wp-json\/wp\/v2\/posts\/1662"}],"collection":[{"href":"http:\/\/b-borusewicz.pl\/index.php\/wp-json\/wp\/v2\/posts"}],"about":[{"href":"http:\/\/b-borusewicz.pl\/index.php\/wp-json\/wp\/v2\/types\/post"}],"author":[{"embeddable":true,"href":"http:\/\/b-borusewicz.pl\/index.php\/wp-json\/wp\/v2\/users\/1"}],"replies":[{"embeddable":true,"href":"http:\/\/b-borusewicz.pl\/index.php\/wp-json\/wp\/v2\/comments?post=1662"}],"version-history":[{"count":0,"href":"http:\/\/b-borusewicz.pl\/index.php\/wp-json\/wp\/v2\/posts\/1662\/revisions"}],"wp:featuredmedia":[{"embeddable":true,"href":"http:\/\/b-borusewicz.pl\/index.php\/wp-json\/wp\/v2\/media\/3444"}],"wp:attachment":[{"href":"http:\/\/b-borusewicz.pl\/index.php\/wp-json\/wp\/v2\/media?parent=1662"}],"wp:term":[{"taxonomy":"category","embeddable":true,"href":"http:\/\/b-borusewicz.pl\/index.php\/wp-json\/wp\/v2\/categories?post=1662"},{"taxonomy":"post_tag","embeddable":true,"href":"http:\/\/b-borusewicz.pl\/index.php\/wp-json\/wp\/v2\/tags?post=1662"}],"curies":[{"name":"wp","href":"https:\/\/api.w.org\/{rel}","templated":true}]}}