{"id":1657,"date":"2010-12-09T00:00:00","date_gmt":"2010-12-09T00:00:00","guid":{"rendered":"http:\/\/b.borusewicz.pl\/index.php\/2010\/12\/09\/ikony-solidarnosci\/"},"modified":"2016-10-26T12:52:01","modified_gmt":"2016-10-26T12:52:01","slug":"ikony-solidarnosci","status":"publish","type":"post","link":"http:\/\/b-borusewicz.pl\/index.php\/2010\/12\/09\/ikony-solidarnosci\/","title":{"rendered":"?Ikony Solidarno\u015bci?"},"content":{"rendered":"<p>W ramach Gda\u0144skiego Programu Edukacji Kulturalnej, z cyklu ?IKONY SOLIDARNO\u015aCI?, bohaterem spotkania by\u0142 Marsza\u0142ek Senatu Bogdan Borusewicz.<!--more--><\/p>\n<div id=\"Zawartosc\"><img src=\"http:\/\/b.borusewicz.pl\/wp-content\/uploads\/2010\/12\/w_539_medium.jpeg\" border=\"0\" class=\"ikona\"\/><\/p>\n<div class=\"Zajawka\"><\/div>\n<div class=\"Tresc\">   \t \t \t \t \t<!-- \t\t@page { size: 21cm 29.7cm; margin: 2cm } \t\tP { margin-bottom: 0.21cm } \t--> \t    <\/p>\n<p>Uroczyste spotkanie odby\u0142o si\u0119 9 grudnia br.  w Pa\u0142acu M\u0142odzie\u017cy na ul. Ogarnej, z udzia\u0142em uczni\u00f3w VI LO, im. Obro\u0144c\u00f3w Helu oraz XV LO, im. Zjednoczonej Europy. ?Ikony Solidarno\u015bci?, to projekt  edukacyjno-kulturalny dla szk\u00f3\u0142 licealnych Miasta Gda\u0144ska, kt\u00f3rego ide\u0105 jest przybli\u017cenie sylwetek  bohater\u00f3w i dzia\u0142aczy Solidarno\u015bci oraz umo\u017cliwienie m\u0142odzie\u017cy spotkania z nimi i dyskusji.  M\u0142odzie\u017c, kt\u00f3ra go\u015bci\u0142a Pana Marsza\u0142ka, kierowa\u0142a swoje pytania nie tylko pod k\u0105tem historii Solidarno\u015bci, ale te\u017c pyta\u0142a o bie\u017c\u0105c\u0105 sytuacj\u0119 w Polsce. By\u0142y te\u017c pytania natury osobistej na kt\u00f3re go\u015b\u0107 spotkania odpowiada\u0142 z du\u017c\u0105 doz\u0105 zrozumienia i otwarto\u015bci dla m\u0142odych uczestnik\u00f3w spotkania.<\/p>\n<p>Tekst : Iwona Flisikowska<\/p>\n<p style=\"margin-bottom: 0cm\"><\/p>\n<p style=\"margin-bottom: 0cm\"><\/p>\n<p style=\"margin-bottom: 0cm\"><\/p>\n<\/p><\/div>\n<p><img src=\"http:\/\/b.borusewicz.pl\/wp-content\/uploads\/2010\/12\/w_539_a.jpeg\" border=\"1\" class=\"foto\"\/><img src=\"http:\/\/b.borusewicz.pl\/wp-content\/uploads\/2010\/12\/w_539_b.jpeg\" border=\"1\" class=\"foto\"\/><img src=\"http:\/\/b.borusewicz.pl\/wp-content\/uploads\/2010\/12\/w_539_c.jpeg\" border=\"1\" class=\"foto\"\/><img src=\"http:\/\/b.borusewicz.pl\/wp-content\/uploads\/2010\/12\/w_539_d.jpeg\" border=\"1\" class=\"foto\"\/>\n<\/div>\n","protected":false},"excerpt":{"rendered":"<p>W ramach Gda\u0144skiego Programu Edukacji Kulturalnej, z cyklu ?IKONY SOLIDARNO\u015aCI?, bohaterem spotkania by\u0142 Marsza\u0142ek Senatu Bogdan Borusewicz.<\/p>\n","protected":false},"author":1,"featured_media":2511,"comment_status":"open","ping_status":"open","sticky":false,"template":"","format":"standard","meta":[],"categories":[2,4],"tags":[],"_links":{"self":[{"href":"http:\/\/b-borusewicz.pl\/index.php\/wp-json\/wp\/v2\/posts\/1657"}],"collection":[{"href":"http:\/\/b-borusewicz.pl\/index.php\/wp-json\/wp\/v2\/posts"}],"about":[{"href":"http:\/\/b-borusewicz.pl\/index.php\/wp-json\/wp\/v2\/types\/post"}],"author":[{"embeddable":true,"href":"http:\/\/b-borusewicz.pl\/index.php\/wp-json\/wp\/v2\/users\/1"}],"replies":[{"embeddable":true,"href":"http:\/\/b-borusewicz.pl\/index.php\/wp-json\/wp\/v2\/comments?post=1657"}],"version-history":[{"count":1,"href":"http:\/\/b-borusewicz.pl\/index.php\/wp-json\/wp\/v2\/posts\/1657\/revisions"}],"predecessor-version":[{"id":2516,"href":"http:\/\/b-borusewicz.pl\/index.php\/wp-json\/wp\/v2\/posts\/1657\/revisions\/2516"}],"wp:featuredmedia":[{"embeddable":true,"href":"http:\/\/b-borusewicz.pl\/index.php\/wp-json\/wp\/v2\/media\/2511"}],"wp:attachment":[{"href":"http:\/\/b-borusewicz.pl\/index.php\/wp-json\/wp\/v2\/media?parent=1657"}],"wp:term":[{"taxonomy":"category","embeddable":true,"href":"http:\/\/b-borusewicz.pl\/index.php\/wp-json\/wp\/v2\/categories?post=1657"},{"taxonomy":"post_tag","embeddable":true,"href":"http:\/\/b-borusewicz.pl\/index.php\/wp-json\/wp\/v2\/tags?post=1657"}],"curies":[{"name":"wp","href":"https:\/\/api.w.org\/{rel}","templated":true}]}}