{"id":1656,"date":"2010-12-09T00:00:00","date_gmt":"2010-12-09T00:00:00","guid":{"rendered":"http:\/\/b.borusewicz.pl\/index.php\/2010\/12\/09\/cichy-bohater\/"},"modified":"2016-10-26T12:51:58","modified_gmt":"2016-10-26T12:51:58","slug":"cichy-bohater","status":"publish","type":"post","link":"http:\/\/b-borusewicz.pl\/index.php\/2010\/12\/09\/cichy-bohater\/","title":{"rendered":"?Cichy Bohater?"},"content":{"rendered":"<p>Z inicjatywy tr\u00f3jmiejskiego wydania gazety ?echo miasta? 9 grudnia  odby\u0142a si\u0119 ju\u017c czwarta edycja akcji ?Cichy Bohater?.<!--more--><\/p>\n<div id=\"Zawartosc\"><img src=\"http:\/\/b.borusewicz.pl\/wp-content\/uploads\/2010\/12\/w_538_medium.jpeg\" border=\"0\" class=\"ikona\"\/><\/p>\n<div class=\"Zajawka\"><\/div>\n<div class=\"Tresc\">\n<p>\u00a0Inicjatyw\u0119 obj\u0105\u0142 honorowym patronatem Marsza\u0142ek Senatu Bogdan Borusewicz stwierdzaj\u0105c, \u017ce czyni to z prawdziw\u0105 przyjemno\u015bci\u0105, gdy\u017c ?Cisi Bohaterowie? zas\u0142uguj\u0105 na to aby ich odnale\u017a\u0107 oraz doceni\u0107 tych, kt\u00f3rzy pomagaj\u0105 innym. Tegoroczna gala odby\u0142a si\u0119 w Sopocie i by\u0142o to prawdziwe \u015bwi\u0119to dobroci.<\/p>\n<p>W tym roku laureat\u00f3w by\u0142o dziesi\u0119ciu. Najm\u0142odsza by\u0142a 8-letnia dziewczynka, kt\u00f3ra uratowa\u0142a przed utoni\u0119ciem 4-letniego ch\u0142opczyka, a najstarsz\u0105 laureatk\u0105 by\u0142a 83-letnia emerytowana piel\u0119gniarka.<\/p>\n<p>Wszyscy laureaci dodatkowo wyr\u00f3\u017cniaj\u0105 si\u0119 niezwyk\u0142\u0105 skromno\u015bci\u0105. <\/p>\n<\/div>\n<p><img src=\"http:\/\/b.borusewicz.pl\/wp-content\/uploads\/2010\/12\/w_538_a.jpeg\" border=\"1\" class=\"foto\"\/><img src=\"http:\/\/b.borusewicz.pl\/wp-content\/uploads\/2010\/12\/w_538_b.jpeg\" border=\"1\" class=\"foto\"\/><img src=\"http:\/\/b.borusewicz.pl\/wp-content\/uploads\/2010\/12\/w_538_c.jpeg\" border=\"1\" class=\"foto\"\/><img src=\"http:\/\/b.borusewicz.pl\/wp-content\/uploads\/2010\/12\/w_538_d.jpeg\" border=\"1\" class=\"foto\"\/>\n<\/div>\n","protected":false},"excerpt":{"rendered":"<p>Z inicjatywy tr\u00f3jmiejskiego wydania gazety ?echo miasta? 9 grudnia  odby\u0142a si\u0119 ju\u017c czwarta edycja akcji ?Cichy Bohater?.<\/p>\n","protected":false},"author":1,"featured_media":2505,"comment_status":"open","ping_status":"open","sticky":false,"template":"","format":"standard","meta":[],"categories":[2,4],"tags":[],"_links":{"self":[{"href":"http:\/\/b-borusewicz.pl\/index.php\/wp-json\/wp\/v2\/posts\/1656"}],"collection":[{"href":"http:\/\/b-borusewicz.pl\/index.php\/wp-json\/wp\/v2\/posts"}],"about":[{"href":"http:\/\/b-borusewicz.pl\/index.php\/wp-json\/wp\/v2\/types\/post"}],"author":[{"embeddable":true,"href":"http:\/\/b-borusewicz.pl\/index.php\/wp-json\/wp\/v2\/users\/1"}],"replies":[{"embeddable":true,"href":"http:\/\/b-borusewicz.pl\/index.php\/wp-json\/wp\/v2\/comments?post=1656"}],"version-history":[{"count":1,"href":"http:\/\/b-borusewicz.pl\/index.php\/wp-json\/wp\/v2\/posts\/1656\/revisions"}],"predecessor-version":[{"id":2510,"href":"http:\/\/b-borusewicz.pl\/index.php\/wp-json\/wp\/v2\/posts\/1656\/revisions\/2510"}],"wp:featuredmedia":[{"embeddable":true,"href":"http:\/\/b-borusewicz.pl\/index.php\/wp-json\/wp\/v2\/media\/2505"}],"wp:attachment":[{"href":"http:\/\/b-borusewicz.pl\/index.php\/wp-json\/wp\/v2\/media?parent=1656"}],"wp:term":[{"taxonomy":"category","embeddable":true,"href":"http:\/\/b-borusewicz.pl\/index.php\/wp-json\/wp\/v2\/categories?post=1656"},{"taxonomy":"post_tag","embeddable":true,"href":"http:\/\/b-borusewicz.pl\/index.php\/wp-json\/wp\/v2\/tags?post=1656"}],"curies":[{"name":"wp","href":"https:\/\/api.w.org\/{rel}","templated":true}]}}