{"id":1654,"date":"2010-11-26T00:00:00","date_gmt":"2010-11-26T00:00:00","guid":{"rendered":"http:\/\/b.borusewicz.pl\/index.php\/2010\/11\/26\/uroczystosci-z-okazji-30-tej-rocznicy-powstania-solidarnosci-na-politechnice-gdanskiej\/"},"modified":"2016-10-26T12:51:53","modified_gmt":"2016-10-26T12:51:53","slug":"uroczystosci-z-okazji-30-tej-rocznicy-powstania-solidarnosci-na-politechnice-gdanskiej","status":"publish","type":"post","link":"http:\/\/b-borusewicz.pl\/index.php\/2010\/11\/26\/uroczystosci-z-okazji-30-tej-rocznicy-powstania-solidarnosci-na-politechnice-gdanskiej\/","title":{"rendered":"Uroczysto\u015bci z okazji 30-tej rocznicy powstania ?Solidarno\u015bci? na Politechnice Gda\u0144skiej"},"content":{"rendered":"<p>Na Politechnice Gda\u0144skiej odby\u0142o si\u0119 uroczyste spotkanie, na kt\u00f3ry przybyli Lech Wa\u0142\u0119sa i Bogdan Borusewicz. Wspominano nie tylko czas ?Solidarno\u015bci?, ale te\u017c wcze\u015bniejsze wa\u017cne wydarzenia na Politechnice Gda\u0144skiej takie, jak ma\u0142o znany strajk w 1946 roku, a potem udzia\u0142 w wydarzeniach 1956-go, 1968-go i 1970-go roku. <!--more--><\/p>\n<div id=\"Zawartosc\"><img src=\"http:\/\/b.borusewicz.pl\/wp-content\/uploads\/2010\/11\/w_533_medium.jpeg\" border=\"0\" class=\"ikona\"\/><\/p>\n<div class=\"Zajawka\"><\/div>\n<div class=\"Tresc\">   \t \t \t \t \t<!-- \t\t@page { size: 21cm 29.7cm; margin: 2cm } \t\tP { margin-bottom: 0.21cm } \t--> \t  <\/p>\n<p style=\"margin-bottom: 0cm\" align=\"CENTER\">\u00a0<\/p>\n<p>Bogdan Borusewicz pochwali\u0142 organizator\u00f3w spotkania. ?Dobrze, \u017ce Politechnika pami\u0119ta i utrwala swoj\u0105 histori\u0119?- powiedzia\u0142 obecny Marsza\u0142ek Senatu. Opowiedzia\u0142 te\u017c roli Politechniki Gda\u0144skiej w strajku sierpniowym 1980 roku i w ca\u0142ym okresie stanu wojennego, a tak\u017ce o swoich zwi\u0105zkach z dzia\u0142aczami Politechniki w tym czasie. ?Bezpo\u015brednio kontaktowa\u0142em si\u0119 z\u00a0 Heniem Majewskim i Andrzejem Brzozowskim, ale wiem, \u017ce za nimi sta\u0142a rzesza dzielnych dzia\u0142aczy?- stwierdzi\u0142 Bogdan Borusewicz. <\/p>\n<p style=\"margin-bottom: 0cm\">Kilkadziesi\u0105t os\u00f3b otrzyma\u0142o pi\u0119kne medale, a Lech Wa\u0142\u0119sa, Bogdan Borusewicz, rektor, senator Wittbrodt oraz przewodnicz\u0105cy uczelnianej Solidarno\u015bci ? ods\u0142onili w hallu obok Sali Senatu PG pami\u0105tkow\u0105 tablic\u0119 z nast\u0119puj\u0105cym napisem:  <\/p>\n<p style=\"margin-bottom: 0cm\">?W ho\u0142dzie pracownikom i studentom Politechniki Gda\u0144skiej, kt\u00f3rzy w latach 1945-89 godn\u0105 postaw\u0105 dawali \u015bwiadectwo swego patriotyzmu, dzia\u0142aj\u0105c na rzecz odzyskania przez Polsk\u0119 pe\u0142nej suwerenno\u015bci?.<\/p>\n<p style=\"margin-bottom: 0cm\">Z okazji rocznicy zosta\u0142 te\u017c wydany specjalny numer pisma Politechniki Gda\u0144skiej, a w hallu nadal mo\u017cna ogl\u0105da\u0107 bardzo ciekaw\u0105 wystaw\u0119 nieznanych zdj\u0119\u0107 i dokument\u00f3w. Po wystawie oprowadza\u0142 Henryk Majewski, kt\u00f3ry wraz z Profesorem Edmundem Wittbrodtem i grup\u0105 by\u0142ych dzia\u0142aczy ?S?, by\u0142 organizatorem uroczysto\u015bci.<\/p>\n<p style=\"margin-bottom: 0cm\"><em><br \/><\/em> <\/p>\n<\/p><\/div>\n<p><img src=\"http:\/\/b.borusewicz.pl\/wp-content\/uploads\/2010\/11\/w_533_a.jpeg\" border=\"1\" class=\"foto\"\/><img src=\"http:\/\/b.borusewicz.pl\/wp-content\/uploads\/2010\/11\/w_533_b.jpeg\" border=\"1\" class=\"foto\"\/><img src=\"http:\/\/b.borusewicz.pl\/wp-content\/uploads\/2010\/11\/w_533_c.jpeg\" border=\"1\" class=\"foto\"\/><img src=\"http:\/\/b.borusewicz.pl\/wp-content\/uploads\/2010\/11\/w_533_d.jpeg\" border=\"1\" class=\"foto\"\/>\n<\/div>\n","protected":false},"excerpt":{"rendered":"<p>Na Politechnice Gda\u0144skiej odby\u0142o si\u0119 uroczyste spotkanie, na kt\u00f3ry przybyli Lech Wa\u0142\u0119sa i Bogdan Borusewicz. Wspominano nie tylko czas ?Solidarno\u015bci?, ale te\u017c wcze\u015bniejsze wa\u017cne wydarzenia na Politechnice Gda\u0144skiej takie, jak ma\u0142o znany strajk w 1946 roku, a potem udzia\u0142 w wydarzeniach 1956-go, 1968-go i 1970-go roku. <\/p>\n","protected":false},"author":1,"featured_media":2494,"comment_status":"open","ping_status":"open","sticky":false,"template":"","format":"standard","meta":[],"categories":[2,4],"tags":[],"_links":{"self":[{"href":"http:\/\/b-borusewicz.pl\/index.php\/wp-json\/wp\/v2\/posts\/1654"}],"collection":[{"href":"http:\/\/b-borusewicz.pl\/index.php\/wp-json\/wp\/v2\/posts"}],"about":[{"href":"http:\/\/b-borusewicz.pl\/index.php\/wp-json\/wp\/v2\/types\/post"}],"author":[{"embeddable":true,"href":"http:\/\/b-borusewicz.pl\/index.php\/wp-json\/wp\/v2\/users\/1"}],"replies":[{"embeddable":true,"href":"http:\/\/b-borusewicz.pl\/index.php\/wp-json\/wp\/v2\/comments?post=1654"}],"version-history":[{"count":1,"href":"http:\/\/b-borusewicz.pl\/index.php\/wp-json\/wp\/v2\/posts\/1654\/revisions"}],"predecessor-version":[{"id":2499,"href":"http:\/\/b-borusewicz.pl\/index.php\/wp-json\/wp\/v2\/posts\/1654\/revisions\/2499"}],"wp:featuredmedia":[{"embeddable":true,"href":"http:\/\/b-borusewicz.pl\/index.php\/wp-json\/wp\/v2\/media\/2494"}],"wp:attachment":[{"href":"http:\/\/b-borusewicz.pl\/index.php\/wp-json\/wp\/v2\/media?parent=1654"}],"wp:term":[{"taxonomy":"category","embeddable":true,"href":"http:\/\/b-borusewicz.pl\/index.php\/wp-json\/wp\/v2\/categories?post=1654"},{"taxonomy":"post_tag","embeddable":true,"href":"http:\/\/b-borusewicz.pl\/index.php\/wp-json\/wp\/v2\/tags?post=1654"}],"curies":[{"name":"wp","href":"https:\/\/api.w.org\/{rel}","templated":true}]}}