{"id":1652,"date":"2010-11-10T00:00:00","date_gmt":"2010-11-10T00:00:00","guid":{"rendered":"http:\/\/b.borusewicz.pl\/index.php\/2010\/11\/10\/konferencja-w-golebiewie-srednim-dziedzictwo-kulinarne-pomorza\/"},"modified":"2016-10-26T12:51:49","modified_gmt":"2016-10-26T12:51:49","slug":"konferencja-w-golebiewie-srednim-dziedzictwo-kulinarne-pomorza","status":"publish","type":"post","link":"http:\/\/b-borusewicz.pl\/index.php\/2010\/11\/10\/konferencja-w-golebiewie-srednim-dziedzictwo-kulinarne-pomorza\/","title":{"rendered":"Konferencja w Go\u0142\u0119biewie \u015arednim ?Dziedzictwo Kulinarne Pomorza?"},"content":{"rendered":"<p>Marsza\u0142ek Senatu RP Bogdan Borusewicz oraz Senator Andrzej Grzyb wzi\u0119li udzia\u0142 w  ciekawej konferencji na temat dziedzictwa kulinarnego Pomorza.<!--more--><\/p>\n<div id=\"Zawartosc\"><img src=\"http:\/\/b.borusewicz.pl\/wp-content\/uploads\/2010\/11\/w_528_medium.jpeg\" border=\"0\" class=\"ikona\"\/><\/p>\n<div class=\"Zajawka\"><\/div>\n<div class=\"Tresc\"> \t \t \t \t<!-- \t\t@page { size: 21cm 29.7cm; margin: 2cm } \t\tP { margin-bottom: 0.21cm } \t-->Uznaj\u0105c wa\u017cno\u015b\u0107 tematu Pan Marsza\u0142ek zaoferowa\u0142 swoj\u0105 pomoc przy uchwalaniu przepis\u00f3w wspieraj\u0105cych t\u0119 inicjatyw\u0119.   <\/p>\n<p style=\"margin-bottom: 0cm\">Po wys\u0142uchaniu wyk\u0142ad\u00f3w na temat wy\u017cszo\u015bci produkt\u00f3w tradycyjnych nad tym co oferuj\u0105 nam sieci market\u00f3w, zgromadzeni w sali Zajazdu ?Modrzewiowy Dw\u00f3r? cz\u0142onkowie oraz potencjalni cz\u0142onkowie Europejskiej Sieci Regionalnego Dziedzictwa Kulinarnego utwierdzili si\u0119 w przekonaniu jak wa\u017cna jest inicjatywa tworzenia i promowania regionalnych produkt\u00f3w.  <\/p>\n<p style=\"margin-bottom: 0cm\">Wojew\u00f3dztwo pomorskie jest jednym z siedmiu polskich wojew\u00f3dztw, kt\u00f3re ju\u017c s\u0105 w tej sieci.  <\/p>\n<p style=\"margin-bottom: 0cm\">30 pa\u017cdziernika 2009 Marsza\u0142ek Wojew\u00f3dztwa Pomorskiego wr\u0119czy\u0142 certyfikaty pierwszym cz\u0142onkom Sieci, a 28 wrze\u015bnia 2010 przyj\u0105\u0142 kolejnych 14 czlonk\u00f3w.  <\/p>\n<\/p><\/div>\n<p><img src=\"http:\/\/b.borusewicz.pl\/wp-content\/uploads\/2010\/11\/w_528_a.jpeg\" border=\"1\" class=\"foto\"\/><img src=\"http:\/\/b.borusewicz.pl\/wp-content\/uploads\/2010\/11\/w_528_b.jpeg\" border=\"1\" class=\"foto\"\/><img src=\"http:\/\/b.borusewicz.pl\/wp-content\/uploads\/2010\/11\/w_528_c.jpeg\" border=\"1\" class=\"foto\"\/><img src=\"http:\/\/b.borusewicz.pl\/wp-content\/uploads\/2010\/11\/w_528_d.jpeg\" border=\"1\" class=\"foto\"\/>\n<\/div>\n","protected":false},"excerpt":{"rendered":"<p>Marsza\u0142ek Senatu RP Bogdan Borusewicz oraz Senator Andrzej Grzyb wzi\u0119li udzia\u0142 w  ciekawej konferencji na temat dziedzictwa kulinarnego Pomorza.<\/p>\n","protected":false},"author":1,"featured_media":2488,"comment_status":"open","ping_status":"open","sticky":false,"template":"","format":"standard","meta":[],"categories":[2,4],"tags":[],"_links":{"self":[{"href":"http:\/\/b-borusewicz.pl\/index.php\/wp-json\/wp\/v2\/posts\/1652"}],"collection":[{"href":"http:\/\/b-borusewicz.pl\/index.php\/wp-json\/wp\/v2\/posts"}],"about":[{"href":"http:\/\/b-borusewicz.pl\/index.php\/wp-json\/wp\/v2\/types\/post"}],"author":[{"embeddable":true,"href":"http:\/\/b-borusewicz.pl\/index.php\/wp-json\/wp\/v2\/users\/1"}],"replies":[{"embeddable":true,"href":"http:\/\/b-borusewicz.pl\/index.php\/wp-json\/wp\/v2\/comments?post=1652"}],"version-history":[{"count":1,"href":"http:\/\/b-borusewicz.pl\/index.php\/wp-json\/wp\/v2\/posts\/1652\/revisions"}],"predecessor-version":[{"id":2493,"href":"http:\/\/b-borusewicz.pl\/index.php\/wp-json\/wp\/v2\/posts\/1652\/revisions\/2493"}],"wp:featuredmedia":[{"embeddable":true,"href":"http:\/\/b-borusewicz.pl\/index.php\/wp-json\/wp\/v2\/media\/2488"}],"wp:attachment":[{"href":"http:\/\/b-borusewicz.pl\/index.php\/wp-json\/wp\/v2\/media?parent=1652"}],"wp:term":[{"taxonomy":"category","embeddable":true,"href":"http:\/\/b-borusewicz.pl\/index.php\/wp-json\/wp\/v2\/categories?post=1652"},{"taxonomy":"post_tag","embeddable":true,"href":"http:\/\/b-borusewicz.pl\/index.php\/wp-json\/wp\/v2\/tags?post=1652"}],"curies":[{"name":"wp","href":"https:\/\/api.w.org\/{rel}","templated":true}]}}