{"id":1634,"date":"2010-01-08T00:00:00","date_gmt":"2010-01-08T00:00:00","guid":{"rendered":"http:\/\/b.borusewicz.pl\/index.php\/2010\/01\/08\/aconcagua-2010\/"},"modified":"2016-10-26T12:50:44","modified_gmt":"2016-10-26T12:50:44","slug":"aconcagua-2010","status":"publish","type":"post","link":"http:\/\/b-borusewicz.pl\/index.php\/2010\/01\/08\/aconcagua-2010\/","title":{"rendered":"Aconcagua  2010"},"content":{"rendered":"<p>Marsza\u0142ek Senatu RP Bogdan Borusewicz obj\u0105\u0142 honorowym patronatem wypraw\u0119 na najwy\u017cszy szczyt And\u00f3w Aconcagu\u0119.<br \/>\nUczestnicy wyprawy, pracownicy i studenci Uniwersytetu Gda\u0144skiego chc\u0105 uczci\u0107 40-lecie swej uczelni.<!--more--><\/p>\n<div id=\"Zawartosc\"><img src=\"http:\/\/b.borusewicz.pl\/wp-content\/uploads\/2010\/01\/w_446_medium.jpeg\" border=\"0\" class=\"ikona\"\/><\/p>\n<div class=\"Zajawka\">Marsza\u0142ek Senatu RP Bogdan Borusewicz obj\u0105\u0142 honorowym patronatem wypraw\u0119 na najwy\u017cszy szczyt And\u00f3w Aconcagu\u0119. <br \/>\nUczestnicy wyprawy, pracownicy i studenci Uniwersytetu Gda\u0144skiego chc\u0105 uczci\u0107 40-lecie swej uczelni.<\/div>\n<div class=\"Tresc\">??Wejdziemy na szczyt dla w\u0142asnej satysfakcji i ku chwale Alma Mater, a tak\u017ce dla przyjaci\u00f3\u0142 i sponsor\u00f3w? powiedzia\u0142 Kuba Jakubczyk, szef i organizator ekspedycji wysokog\u00f3rskiej, w ramach dzia\u0142alno\u015bci uczelnianego Adventure Club. <\/p>\n<p>Obj\u0105\u0142em honorowym patronatem to przedsi\u0119wzi\u0119cie z dw\u00f3ch powod\u00f3w &#8211; powiedzia\u0142  Bogdan Borusewicz.Dlatego, \u017ce jestem gda\u0144szczaninem. Po drugie, ta wyprawa ma charakter polonijny.  Nie tylko b\u0119dzie polega\u0142a na zdobyciu szczytu. W czasie tej podr\u00f3\u017cy w Ameryce Po\u0142udniowej b\u0119d\u0105 organizowane spotkania z lud\u017ami mieszkaj\u0105cymi w Argentynie, gdzie \u017cyje kilkaset tysi\u0119cy Polak\u00f3w lub os\u00f3b pochodzenia polskiego. <\/div>\n<p><img src=\"http:\/\/b.borusewicz.pl\/wp-content\/uploads\/2010\/01\/w_446_a.jpeg\" border=\"1\" class=\"foto\"\/><img src=\"http:\/\/b.borusewicz.pl\/wp-content\/uploads\/2010\/01\/w_446_b.jpeg\" border=\"1\" class=\"foto\"\/><img src=\"http:\/\/b.borusewicz.pl\/wp-content\/uploads\/2010\/01\/w_446_c.jpeg\" border=\"1\" class=\"foto\"\/><img src=\"http:\/\/b.borusewicz.pl\/wp-content\/uploads\/2010\/01\/w_446_d.jpeg\" border=\"1\" class=\"foto\"\/>\n<\/div>\n","protected":false},"excerpt":{"rendered":"<p>Marsza\u0142ek Senatu RP Bogdan Borusewicz obj\u0105\u0142 honorowym patronatem wypraw\u0119 na najwy\u017cszy szczyt And\u00f3w Aconcagu\u0119.<br \/>\nUczestnicy wyprawy, pracownicy i studenci Uniwersytetu Gda\u0144skiego chc\u0105 uczci\u0107 40-lecie swej uczelni.<\/p>\n","protected":false},"author":1,"featured_media":2413,"comment_status":"open","ping_status":"open","sticky":false,"template":"","format":"standard","meta":[],"categories":[2,4],"tags":[],"_links":{"self":[{"href":"http:\/\/b-borusewicz.pl\/index.php\/wp-json\/wp\/v2\/posts\/1634"}],"collection":[{"href":"http:\/\/b-borusewicz.pl\/index.php\/wp-json\/wp\/v2\/posts"}],"about":[{"href":"http:\/\/b-borusewicz.pl\/index.php\/wp-json\/wp\/v2\/types\/post"}],"author":[{"embeddable":true,"href":"http:\/\/b-borusewicz.pl\/index.php\/wp-json\/wp\/v2\/users\/1"}],"replies":[{"embeddable":true,"href":"http:\/\/b-borusewicz.pl\/index.php\/wp-json\/wp\/v2\/comments?post=1634"}],"version-history":[{"count":1,"href":"http:\/\/b-borusewicz.pl\/index.php\/wp-json\/wp\/v2\/posts\/1634\/revisions"}],"predecessor-version":[{"id":2418,"href":"http:\/\/b-borusewicz.pl\/index.php\/wp-json\/wp\/v2\/posts\/1634\/revisions\/2418"}],"wp:featuredmedia":[{"embeddable":true,"href":"http:\/\/b-borusewicz.pl\/index.php\/wp-json\/wp\/v2\/media\/2413"}],"wp:attachment":[{"href":"http:\/\/b-borusewicz.pl\/index.php\/wp-json\/wp\/v2\/media?parent=1634"}],"wp:term":[{"taxonomy":"category","embeddable":true,"href":"http:\/\/b-borusewicz.pl\/index.php\/wp-json\/wp\/v2\/categories?post=1634"},{"taxonomy":"post_tag","embeddable":true,"href":"http:\/\/b-borusewicz.pl\/index.php\/wp-json\/wp\/v2\/tags?post=1634"}],"curies":[{"name":"wp","href":"https:\/\/api.w.org\/{rel}","templated":true}]}}