{"id":1622,"date":"2009-10-24T00:00:00","date_gmt":"2009-10-24T00:00:00","guid":{"rendered":"http:\/\/b.borusewicz.pl\/index.php\/2009\/10\/24\/nadzwyczajne-spotkanie-stowarzyszenia-senatow-europy-w-gdansku\/"},"modified":"2016-10-26T12:50:09","modified_gmt":"2016-10-26T12:50:09","slug":"nadzwyczajne-spotkanie-stowarzyszenia-senatow-europy-w-gdansku","status":"publish","type":"post","link":"http:\/\/b-borusewicz.pl\/index.php\/2009\/10\/24\/nadzwyczajne-spotkanie-stowarzyszenia-senatow-europy-w-gdansku\/","title":{"rendered":"Nadzwyczajne spotkanie Stowarzyszenia Senat\u00f3w Europy w Gda\u0144sku."},"content":{"rendered":"<p>W dniach 22-24 pa\u017adziernika na zaproszenie Marsza\u0142ka Senatu RP Bogdana Borusewicza w Gda\u0144sku spotka\u0142y si\u0119 delegacje wy\u017cszych izb parlament\u00f3w narodowych pa\u0144stw z ca\u0142ej Europy. <!--more--><\/p>\n<div id=\"Zawartosc\"><img src=\"http:\/\/b.borusewicz.pl\/wp-content\/uploads\/2009\/10\/w_427_medium.jpeg\" border=\"0\" class=\"ikona\"\/><\/p>\n<div class=\"Zajawka\"><\/div>\n<div class=\"Tresc\">Spotkanie w Sali Filharmonii Ba\u0142tyckiej odby\u0142o si\u0119 pod has\u0142em ?Demokracja w Europie w 20 lat po pierwszych wolnych wyborach na wsch\u00f3d od Muru Berli\u0144skiego ? Europa w \u015bwiecie w 20 lat po upadku \u017belaznej Kurtyny?, a w sk\u0142adzie delegacji polskiej by\u0142 tak\u017ce Lech Wa\u0142\u0119sa.<\/p>\n<p>Bogdan Borusewicz, kt\u00f3ry prowadzi\u0142 spotkanie, w swoim wyst\u0105pieniu wyrazi\u0142 rado\u015b\u0107, \u017ce spotkanie odbywa si\u0119 w kolebce ?Solidarno\u015bci? w ustanowionym uchwa\u0142\u0105 Senatu RP Roku Polskiej Demokracji.<\/p>\n<p>Przedstawiaj\u0105c kr\u00f3tki rys historyczny Marsza\u0142ek Senatu RP powiedzia\u0142 mi\u0119dzy innymi, \u017ce\u00a0wielki strajk w sierpniu 1980 roku powa\u017cnie naruszy\u0142 system komunistyczny, ale jego budowla jeszcze nie run\u0119\u0142a. Wprowadzenie stanu wojennego by\u0142o pr\u00f3b\u0105 utrzymania si\u0119 przy w\u0142adzy partyjnej biurokracji, ale by\u0142a to pr\u00f3ba nieskuteczna pod wzgl\u0119dem politycznym, a pod wzgl\u0119dem gospodarczym zako\u0144czy\u0142a si\u0119 katastrof\u0105. Przez lata stanu wojennego nie byli\u015bmy osamotnieni ? pomagali nam m.in. zwi\u0105zkowcy z USA, Francji, W\u0142och i kraj\u00f3w skandynawskich. Po fali strajk\u00f3w 1988 roku i po zmianach w Zwi\u0105zku Radzieckim grupa genera\u0142\u00f3w zdecydowa\u0142a si\u0119 rozpocz\u0105\u0107 z Solidarno\u015bci\u0105\u00a0 rozmowy przy ?okr\u0105g\u0142ym stole?, w kt\u00f3rych strona solidarno\u015bciowa osi\u0105gn\u0119\u0142a wi\u0119cej ni\u017c si\u0119 spodziewa\u0142a. Uzgodniono, \u017ce powstanie urz\u0105d prezydenta i odrodzi si\u0119 Senat, kt\u00f3ry by\u0142 w Polsce zawsze wtedy, gdy Polska by\u0142a krajem wolnym i suwerennym. Ustalono te\u017c, \u017ce 4 czerwca 1989 roku odb\u0119d\u0105 si\u0119 cz\u0119\u015bciowo wolne wybory do Sejmu oraz w pe\u0142ni wolne wybory do Senatu. Wtedy w\u0142a\u015bnie, 4 czerwca 1989 roku przy pomocy kartki wyborczej Polacy w spos\u00f3b pokojowy obalili system komunistyczny i doprowadzili do erozji ca\u0142ego aparatu komunistycznego oraz powstania pierwszego niekomunistycznego rz\u0105du w Europie \u015arodkowo-Wschodniej od zako\u0144czenia II wojny \u015bwiatowej.<\/p>\n<p>Podmuch wolno\u015bci obj\u0105\u0142 kraje o\u015bcienne, a po 1989 roku demokracja w Europie \u015arodkowo-Wschodniej ponownie si\u0119 przyj\u0119\u0142a. Polska jest w NATO i Unii Europejskiej, ale nie jeste\u015bmy zainteresowani aby na naszej wschodniej granicy pojawi\u0142a si\u0119 nowa biurokratyczno-oportunistyczna kurtyna. Trzeba szuka\u0107 mechanizm\u00f3w wsp\u00f3\u0142pracy z krajami, kt\u00f3re nie s\u0105 w Unii Europejskiej &#8211;\u00a0 kontynuowa\u0142 Marsza\u0142ek Bogdan Borusewicz, kt\u00f3ry swoje wyst\u0105pienie zako\u0144czy\u0142 wezwaniem do traktowania kontynentu europejskiego w spos\u00f3b integralny, gdy\u017c przysz\u0142o\u015b\u0107 Europy decyduje si\u0119 dzi\u015b nie tylko w Unii Europejskiej, ale w ca\u0142ej Europie.<\/p>\n<p>W trakcie gda\u0144skiego spotkania delegacje Senat\u00f3w Europy z\u0142o\u017cy\u0142y kwiaty pod pomnikiem Poleg\u0142ych Stoczniowc\u00f3w oraz zwiedzi\u0142y wystaw\u0119 ?Drogi do Wolno\u015bci?.<br \/>\nNa zako\u0144czenie go\u015bcie dzi\u0119kowali Panu Marsza\u0142kowi za \u015bwietn\u0105 organizacj\u0119 tego\u00a0 nadzwyczajnego spotkania, podczas kt\u00f3rego zobaczyli Gda\u0144sk, spotkali si\u0119 z Lechem Wa\u0142\u0119s\u0105 oraz z przewodnicz\u0105cym Parlamentu Europejskiego Jerzym Buzkiem.<br \/>\nNast\u0119pne spotkanie Stowarzyszenia Senat\u00f3w Europy odb\u0119dzie si\u0119 w kwietniu 2010 roku w Rzymie.<\/p>\n<\/div>\n<p><img src=\"http:\/\/b.borusewicz.pl\/wp-content\/uploads\/2009\/10\/w_427_a.jpeg\" border=\"1\" class=\"foto\"\/><img src=\"http:\/\/b.borusewicz.pl\/wp-content\/uploads\/2009\/10\/w_427_b.jpeg\" border=\"1\" class=\"foto\"\/><img src=\"http:\/\/b.borusewicz.pl\/wp-content\/uploads\/2009\/10\/w_427_c.jpeg\" border=\"1\" class=\"foto\"\/>\n<\/div>\n","protected":false},"excerpt":{"rendered":"<p>W dniach 22-24 pa\u017adziernika na zaproszenie Marsza\u0142ka Senatu RP Bogdana Borusewicza w Gda\u0144sku spotka\u0142y si\u0119 delegacje wy\u017cszych izb parlament\u00f3w narodowych pa\u0144stw z ca\u0142ej Europy. <\/p>\n","protected":false},"author":1,"featured_media":0,"comment_status":"open","ping_status":"open","sticky":false,"template":"","format":"standard","meta":[],"categories":[2,4],"tags":[],"_links":{"self":[{"href":"http:\/\/b-borusewicz.pl\/index.php\/wp-json\/wp\/v2\/posts\/1622"}],"collection":[{"href":"http:\/\/b-borusewicz.pl\/index.php\/wp-json\/wp\/v2\/posts"}],"about":[{"href":"http:\/\/b-borusewicz.pl\/index.php\/wp-json\/wp\/v2\/types\/post"}],"author":[{"embeddable":true,"href":"http:\/\/b-borusewicz.pl\/index.php\/wp-json\/wp\/v2\/users\/1"}],"replies":[{"embeddable":true,"href":"http:\/\/b-borusewicz.pl\/index.php\/wp-json\/wp\/v2\/comments?post=1622"}],"version-history":[{"count":1,"href":"http:\/\/b-borusewicz.pl\/index.php\/wp-json\/wp\/v2\/posts\/1622\/revisions"}],"predecessor-version":[{"id":2366,"href":"http:\/\/b-borusewicz.pl\/index.php\/wp-json\/wp\/v2\/posts\/1622\/revisions\/2366"}],"wp:attachment":[{"href":"http:\/\/b-borusewicz.pl\/index.php\/wp-json\/wp\/v2\/media?parent=1622"}],"wp:term":[{"taxonomy":"category","embeddable":true,"href":"http:\/\/b-borusewicz.pl\/index.php\/wp-json\/wp\/v2\/categories?post=1622"},{"taxonomy":"post_tag","embeddable":true,"href":"http:\/\/b-borusewicz.pl\/index.php\/wp-json\/wp\/v2\/tags?post=1622"}],"curies":[{"name":"wp","href":"https:\/\/api.w.org\/{rel}","templated":true}]}}