{"id":1616,"date":"2009-10-01T00:00:00","date_gmt":"2009-10-01T00:00:00","guid":{"rendered":"http:\/\/b.borusewicz.pl\/index.php\/2009\/10\/01\/inauguracja-roku-akademickiego-20092010-na-uniwersytecie-gdanskim\/"},"modified":"2016-10-26T12:49:59","modified_gmt":"2016-10-26T12:49:59","slug":"inauguracja-roku-akademickiego-20092010-na-uniwersytecie-gdanskim","status":"publish","type":"post","link":"http:\/\/b-borusewicz.pl\/index.php\/2009\/10\/01\/inauguracja-roku-akademickiego-20092010-na-uniwersytecie-gdanskim\/","title":{"rendered":"Inauguracja roku akademickiego 2009\/2010 na Uniwersytecie Gda\u0144skim."},"content":{"rendered":"<p>W dniu 1 pa\u017adziernika 2009 marsza\u0142ek Senatu RP Bogdan Borusewicz uczestniczy\u0142 w inauguracji roku akademickiego.<!--more--><\/p>\n<div id=\"Zawartosc\"><img src=\"http:\/\/b.borusewicz.pl\/wp-content\/uploads\/2009\/10\/w_416_medium.jpeg\" border=\"0\" class=\"ikona\"\/><\/p>\n<div class=\"Zajawka\"><\/div>\n<div class=\"Tresc\">Tegoroczna uroczysto\u015b\u0107 w 40. lecie powo\u0142ania Uniwersytetu Gda\u0144skiego odby\u0142a si\u0119 w Dworze Artusa . Wyk\u0142ad inauguracyjny nt. kryzysu \u015bwiatowego wyg\u0142osi\u0142 prof. Marian Filar.<\/div>\n<p><img src=\"http:\/\/b.borusewicz.pl\/wp-content\/uploads\/2009\/10\/w_416_a.jpeg\" border=\"1\" class=\"foto\"\/><img src=\"http:\/\/b.borusewicz.pl\/wp-content\/uploads\/2009\/10\/w_416_b.jpeg\" border=\"1\" class=\"foto\"\/><img src=\"http:\/\/b.borusewicz.pl\/wp-content\/uploads\/2009\/10\/w_416_c.jpeg\" border=\"1\" class=\"foto\"\/>\n<\/div>\n","protected":false},"excerpt":{"rendered":"<p>W dniu 1 pa\u017adziernika 2009 marsza\u0142ek Senatu RP Bogdan Borusewicz uczestniczy\u0142 w inauguracji roku akademickiego.<\/p>\n","protected":false},"author":1,"featured_media":0,"comment_status":"open","ping_status":"open","sticky":false,"template":"","format":"standard","meta":[],"categories":[2,4],"tags":[],"_links":{"self":[{"href":"http:\/\/b-borusewicz.pl\/index.php\/wp-json\/wp\/v2\/posts\/1616"}],"collection":[{"href":"http:\/\/b-borusewicz.pl\/index.php\/wp-json\/wp\/v2\/posts"}],"about":[{"href":"http:\/\/b-borusewicz.pl\/index.php\/wp-json\/wp\/v2\/types\/post"}],"author":[{"embeddable":true,"href":"http:\/\/b-borusewicz.pl\/index.php\/wp-json\/wp\/v2\/users\/1"}],"replies":[{"embeddable":true,"href":"http:\/\/b-borusewicz.pl\/index.php\/wp-json\/wp\/v2\/comments?post=1616"}],"version-history":[{"count":1,"href":"http:\/\/b-borusewicz.pl\/index.php\/wp-json\/wp\/v2\/posts\/1616\/revisions"}],"predecessor-version":[{"id":2341,"href":"http:\/\/b-borusewicz.pl\/index.php\/wp-json\/wp\/v2\/posts\/1616\/revisions\/2341"}],"wp:attachment":[{"href":"http:\/\/b-borusewicz.pl\/index.php\/wp-json\/wp\/v2\/media?parent=1616"}],"wp:term":[{"taxonomy":"category","embeddable":true,"href":"http:\/\/b-borusewicz.pl\/index.php\/wp-json\/wp\/v2\/categories?post=1616"},{"taxonomy":"post_tag","embeddable":true,"href":"http:\/\/b-borusewicz.pl\/index.php\/wp-json\/wp\/v2\/tags?post=1616"}],"curies":[{"name":"wp","href":"https:\/\/api.w.org\/{rel}","templated":true}]}}