{"id":1615,"date":"2009-09-25T00:00:00","date_gmt":"2009-09-25T00:00:00","guid":{"rendered":"http:\/\/b.borusewicz.pl\/index.php\/2009\/09\/25\/pomorskie-forum-inicjatyw-pozarzadowych-w-jastrzebiej-gorze-25-wrzesnia-2009-r\/"},"modified":"2016-10-26T12:49:57","modified_gmt":"2016-10-26T12:49:57","slug":"pomorskie-forum-inicjatyw-pozarzadowych-w-jastrzebiej-gorze-25-wrzesnia-2009-r","status":"publish","type":"post","link":"http:\/\/b-borusewicz.pl\/index.php\/2009\/09\/25\/pomorskie-forum-inicjatyw-pozarzadowych-w-jastrzebiej-gorze-25-wrzesnia-2009-r\/","title":{"rendered":"Pomorskie Forum Inicjatyw Pozarz\u0105dowych w Jastrz\u0119biej G\u00f3rze 25 wrze\u015bnia 2009 r."},"content":{"rendered":"<p>Wyst\u0119puj\u0105c na Forum Marsza\u0142ek Senatu RP Bogdan Borusewicz stwierdzi\u0142, \u017ce mimo XX lat budowania spo\u0142ecze\u0144stwa obywatelskiego trzeci sektor nie jest do ko\u0144ca doceniany.<!--more--><\/p>\n<div id=\"Zawartosc\"><img src=\"http:\/\/b.borusewicz.pl\/wp-content\/uploads\/2009\/09\/w_415_medium.jpeg\" border=\"0\" class=\"ikona\"\/><\/p>\n<div class=\"Zajawka\"><\/div>\n<div class=\"Tresc\">W  Senacie, pod osobistym przewodnictwem Pana Marsza\u0142ka, ju\u017c drug\u0105 kadencj\u0119 dzia\u0142a Parlamentarny Zesp\u00f3\u0142 ds. Wsp\u00f3\u0142pracy z Organizacjami Pozarz\u0105dowymi. Dot\u0105d uda\u0142o si\u0119 doprowadzi\u0107 do zwolnienia z podatku VAT darowizn \u017cywno\u015bciowych przekazywanych na cele spo\u0142eczne oraz wprowadzenie instytucji petycji obywatelskich, a obecnie trwaj\u0105 prace nad nowelizacj\u0105 ustawy o dzia\u0142alno\u015bci po\u017cytku publicznego i wolontariacie. <\/p>\n<p>Zapisy prawa oczywi\u015bcie s\u0105 wa\u017cne, stwierdzi\u0142 Pan Marsza\u0142ek, ale najwa\u017cniejsze jest zaanga\u017cowanie i aktywno\u015b\u0107 os\u00f3b zgromadzonych na sali oraz setek ich wsp\u00f3\u0142pracownik\u00f3w, a Pomorze nale\u017cy do region\u00f3w najbardziej aktywnych i tw\u00f3rczych.<\/p>\n<p><\/div>\n<p><img src=\"http:\/\/b.borusewicz.pl\/wp-content\/uploads\/2009\/09\/w_415_a.jpeg\" border=\"1\" class=\"foto\"\/><img src=\"http:\/\/b.borusewicz.pl\/wp-content\/uploads\/2009\/09\/w_415_b.jpeg\" border=\"1\" class=\"foto\"\/><img src=\"http:\/\/b.borusewicz.pl\/wp-content\/uploads\/2009\/09\/w_415_c.jpeg\" border=\"1\" class=\"foto\"\/>\n<\/div>\n","protected":false},"excerpt":{"rendered":"<p>Wyst\u0119puj\u0105c na Forum Marsza\u0142ek Senatu RP Bogdan Borusewicz stwierdzi\u0142, \u017ce mimo XX lat budowania spo\u0142ecze\u0144stwa obywatelskiego trzeci sektor nie jest do ko\u0144ca doceniany.<\/p>\n","protected":false},"author":1,"featured_media":2332,"comment_status":"open","ping_status":"open","sticky":false,"template":"","format":"standard","meta":[],"categories":[2,4],"tags":[],"_links":{"self":[{"href":"http:\/\/b-borusewicz.pl\/index.php\/wp-json\/wp\/v2\/posts\/1615"}],"collection":[{"href":"http:\/\/b-borusewicz.pl\/index.php\/wp-json\/wp\/v2\/posts"}],"about":[{"href":"http:\/\/b-borusewicz.pl\/index.php\/wp-json\/wp\/v2\/types\/post"}],"author":[{"embeddable":true,"href":"http:\/\/b-borusewicz.pl\/index.php\/wp-json\/wp\/v2\/users\/1"}],"replies":[{"embeddable":true,"href":"http:\/\/b-borusewicz.pl\/index.php\/wp-json\/wp\/v2\/comments?post=1615"}],"version-history":[{"count":1,"href":"http:\/\/b-borusewicz.pl\/index.php\/wp-json\/wp\/v2\/posts\/1615\/revisions"}],"predecessor-version":[{"id":2336,"href":"http:\/\/b-borusewicz.pl\/index.php\/wp-json\/wp\/v2\/posts\/1615\/revisions\/2336"}],"wp:featuredmedia":[{"embeddable":true,"href":"http:\/\/b-borusewicz.pl\/index.php\/wp-json\/wp\/v2\/media\/2332"}],"wp:attachment":[{"href":"http:\/\/b-borusewicz.pl\/index.php\/wp-json\/wp\/v2\/media?parent=1615"}],"wp:term":[{"taxonomy":"category","embeddable":true,"href":"http:\/\/b-borusewicz.pl\/index.php\/wp-json\/wp\/v2\/categories?post=1615"},{"taxonomy":"post_tag","embeddable":true,"href":"http:\/\/b-borusewicz.pl\/index.php\/wp-json\/wp\/v2\/tags?post=1615"}],"curies":[{"name":"wp","href":"https:\/\/api.w.org\/{rel}","templated":true}]}}