{"id":1611,"date":"2009-09-20T00:00:00","date_gmt":"2009-09-20T00:00:00","guid":{"rendered":"http:\/\/b.borusewicz.pl\/index.php\/2009\/09\/20\/ix-jarmark-cysterski-w-pelplinie\/"},"modified":"2016-10-26T12:49:54","modified_gmt":"2016-10-26T12:49:54","slug":"ix-jarmark-cysterski-w-pelplinie","status":"publish","type":"post","link":"http:\/\/b-borusewicz.pl\/index.php\/2009\/09\/20\/ix-jarmark-cysterski-w-pelplinie\/","title":{"rendered":"IX Jarmark Cysterski w Pelplinie"},"content":{"rendered":"<p>Na zaproszenie Kurii Diecezjalnej w Pelplinie, Gminy Pelplin i Starostwa Powiatowego w Tczewie, w niedziel\u0119 20 wrze\u015bnia Marsza\u0142ek Senatu RP Bogdan Borusewicz wzi\u0105\u0142 udzia\u0142 w  IX-tym ju\u017c Jarmarku Cysterskim w Pelplinie.<!--more--><\/p>\n<div id=\"Zawartosc\"><img src=\"http:\/\/b.borusewicz.pl\/wp-content\/uploads\/2009\/09\/w_411_medium.jpeg\" border=\"0\" class=\"ikona\"\/><\/p>\n<div class=\"Zajawka\"><\/div>\n<div class=\"Tresc\">Jarmark Cysterski, kt\u00f3ry z roku na rok ma coraz wi\u0119kszy zasi\u0119g, wr\u00f3s\u0142 na sta\u0142e w tradycje Pelplina. Licznie zgromadzeni mieszka\u0144cy Pelplina i przybyli go\u015bcie podziwiali turnieje i pokazy  rycerzy z pobliskiego Gniewa, a tak\u017ce z innych zaprzyja\u017anionych bractw rycerskich. Ogl\u0105dali tak\u017ce dramy historyczne przygotowane przez m\u0142odzie\u017c szk\u00f3\u0142  ponadgimnazjalnych powiatu tczewskiego oraz inne liczne imprezy towarzysz\u0105ce. By\u0142y ciekawe prezentacje wyrob\u00f3w lokalnych tw\u00f3rc\u00f3w, rzemie\u015blnik\u00f3w i wydawc\u00f3w. No i oczywi\u015bcie nie zabrak\u0142o jad\u0142a i napitk\u00f3w.     <\/div>\n<p><img src=\"http:\/\/b.borusewicz.pl\/wp-content\/uploads\/2009\/09\/w_411_a.jpeg\" border=\"1\" class=\"foto\"\/><img src=\"http:\/\/b.borusewicz.pl\/wp-content\/uploads\/2009\/09\/w_411_b.jpeg\" border=\"1\" class=\"foto\"\/><img src=\"http:\/\/b.borusewicz.pl\/wp-content\/uploads\/2009\/09\/w_411_c.jpeg\" border=\"1\" class=\"foto\"\/>\n<\/div>\n","protected":false},"excerpt":{"rendered":"<p>Na zaproszenie Kurii Diecezjalnej w Pelplinie, Gminy Pelplin i Starostwa Powiatowego w Tczewie, w niedziel\u0119 20 wrze\u015bnia Marsza\u0142ek Senatu RP Bogdan Borusewicz wzi\u0105\u0142 udzia\u0142 w  IX-tym ju\u017c Jarmarku Cysterskim w Pelplinie.<\/p>\n","protected":false},"author":1,"featured_media":2311,"comment_status":"open","ping_status":"open","sticky":false,"template":"","format":"standard","meta":[],"categories":[2,4],"tags":[],"_links":{"self":[{"href":"http:\/\/b-borusewicz.pl\/index.php\/wp-json\/wp\/v2\/posts\/1611"}],"collection":[{"href":"http:\/\/b-borusewicz.pl\/index.php\/wp-json\/wp\/v2\/posts"}],"about":[{"href":"http:\/\/b-borusewicz.pl\/index.php\/wp-json\/wp\/v2\/types\/post"}],"author":[{"embeddable":true,"href":"http:\/\/b-borusewicz.pl\/index.php\/wp-json\/wp\/v2\/users\/1"}],"replies":[{"embeddable":true,"href":"http:\/\/b-borusewicz.pl\/index.php\/wp-json\/wp\/v2\/comments?post=1611"}],"version-history":[{"count":1,"href":"http:\/\/b-borusewicz.pl\/index.php\/wp-json\/wp\/v2\/posts\/1611\/revisions"}],"predecessor-version":[{"id":2315,"href":"http:\/\/b-borusewicz.pl\/index.php\/wp-json\/wp\/v2\/posts\/1611\/revisions\/2315"}],"wp:featuredmedia":[{"embeddable":true,"href":"http:\/\/b-borusewicz.pl\/index.php\/wp-json\/wp\/v2\/media\/2311"}],"wp:attachment":[{"href":"http:\/\/b-borusewicz.pl\/index.php\/wp-json\/wp\/v2\/media?parent=1611"}],"wp:term":[{"taxonomy":"category","embeddable":true,"href":"http:\/\/b-borusewicz.pl\/index.php\/wp-json\/wp\/v2\/categories?post=1611"},{"taxonomy":"post_tag","embeddable":true,"href":"http:\/\/b-borusewicz.pl\/index.php\/wp-json\/wp\/v2\/tags?post=1611"}],"curies":[{"name":"wp","href":"https:\/\/api.w.org\/{rel}","templated":true}]}}