{"id":1610,"date":"2009-09-20T00:00:00","date_gmt":"2009-09-20T00:00:00","guid":{"rendered":"http:\/\/b.borusewicz.pl\/index.php\/2009\/09\/20\/dozynki-diecezji-pelplinskiej-i-gminy-nowa-karczma\/"},"modified":"2016-10-26T12:49:53","modified_gmt":"2016-10-26T12:49:53","slug":"dozynki-diecezji-pelplinskiej-i-gminy-nowa-karczma","status":"publish","type":"post","link":"http:\/\/b-borusewicz.pl\/index.php\/2009\/09\/20\/dozynki-diecezji-pelplinskiej-i-gminy-nowa-karczma\/","title":{"rendered":"Do\u017cynki Diecezji Pelpli\u0144skiej i Gminy Nowa Karczma"},"content":{"rendered":"<p>W niedziel\u0119 20 wrze\u015bnia 2009 marsza\u0142ek Senatu RP Bogdan Borusewicz uczestniczy\u0142 w  do\u017cynkach w Lubaniu ko\u0142o Ko\u015bcierzyny, kt\u00f3re rozpocz\u0119\u0142y si\u0119 od uroczystej mszy \u015bwi\u0119tej.<!--more--><\/p>\n<div id=\"Zawartosc\"><img src=\"http:\/\/b.borusewicz.pl\/wp-content\/uploads\/2009\/09\/w_410_medium.jpeg\" border=\"0\" class=\"ikona\"\/><\/p>\n<div class=\"Zajawka\"><\/div>\n<div class=\"Tresc\">Msz\u0119 \u015bwi\u0119t\u0105 koncelebrowa\u0142  ksi\u0105dz biskup diecezji pelpli\u0144skiej Jana Bernard Szlaga.<\/p>\n<p>Do\u017cynki Diecezji Pelpli\u0144skiej i Gminy Nowa Karczma by\u0142y po\u0142\u0105czone z XII Kaszubsk\u0105 Jesieni\u0105 Rolnicz\u0105., pokazem zwierz\u0105t futerkowych i ozdobnych, kiermaszami  oraz  podsumowaniem ca\u0142ego szeregu konkurs\u00f3w. <\/p>\n<p>Zwyci\u0119zca konkursu na najpi\u0119kniejszy wieniec otrzyma\u0142  z r\u0105k Marsza\u0142ka pami\u0105tkowy puchar.<\/p><\/div>\n<p><img src=\"http:\/\/b.borusewicz.pl\/wp-content\/uploads\/2009\/09\/w_410_a.jpeg\" border=\"1\" class=\"foto\"\/><img src=\"http:\/\/b.borusewicz.pl\/wp-content\/uploads\/2009\/09\/w_410_b.jpeg\" border=\"1\" class=\"foto\"\/><img src=\"http:\/\/b.borusewicz.pl\/wp-content\/uploads\/2009\/09\/w_410_c.jpeg\" border=\"1\" class=\"foto\"\/><img src=\"http:\/\/b.borusewicz.pl\/wp-content\/uploads\/2009\/09\/w_410_d.jpeg\" border=\"1\" class=\"foto\"\/>\n<\/div>\n","protected":false},"excerpt":{"rendered":"<p>W niedziel\u0119 20 wrze\u015bnia 2009 marsza\u0142ek Senatu RP Bogdan Borusewicz uczestniczy\u0142 w  do\u017cynkach w Lubaniu ko\u0142o Ko\u015bcierzyny, kt\u00f3re rozpocz\u0119\u0142y si\u0119 od uroczystej mszy \u015bwi\u0119tej.<\/p>\n","protected":false},"author":1,"featured_media":2305,"comment_status":"open","ping_status":"open","sticky":false,"template":"","format":"standard","meta":[],"categories":[2,4],"tags":[],"_links":{"self":[{"href":"http:\/\/b-borusewicz.pl\/index.php\/wp-json\/wp\/v2\/posts\/1610"}],"collection":[{"href":"http:\/\/b-borusewicz.pl\/index.php\/wp-json\/wp\/v2\/posts"}],"about":[{"href":"http:\/\/b-borusewicz.pl\/index.php\/wp-json\/wp\/v2\/types\/post"}],"author":[{"embeddable":true,"href":"http:\/\/b-borusewicz.pl\/index.php\/wp-json\/wp\/v2\/users\/1"}],"replies":[{"embeddable":true,"href":"http:\/\/b-borusewicz.pl\/index.php\/wp-json\/wp\/v2\/comments?post=1610"}],"version-history":[{"count":1,"href":"http:\/\/b-borusewicz.pl\/index.php\/wp-json\/wp\/v2\/posts\/1610\/revisions"}],"predecessor-version":[{"id":2310,"href":"http:\/\/b-borusewicz.pl\/index.php\/wp-json\/wp\/v2\/posts\/1610\/revisions\/2310"}],"wp:featuredmedia":[{"embeddable":true,"href":"http:\/\/b-borusewicz.pl\/index.php\/wp-json\/wp\/v2\/media\/2305"}],"wp:attachment":[{"href":"http:\/\/b-borusewicz.pl\/index.php\/wp-json\/wp\/v2\/media?parent=1610"}],"wp:term":[{"taxonomy":"category","embeddable":true,"href":"http:\/\/b-borusewicz.pl\/index.php\/wp-json\/wp\/v2\/categories?post=1610"},{"taxonomy":"post_tag","embeddable":true,"href":"http:\/\/b-borusewicz.pl\/index.php\/wp-json\/wp\/v2\/tags?post=1610"}],"curies":[{"name":"wp","href":"https:\/\/api.w.org\/{rel}","templated":true}]}}