{"id":1609,"date":"2006-05-15T00:00:00","date_gmt":"2006-05-15T00:00:00","guid":{"rendered":"http:\/\/b.borusewicz.pl\/index.php\/2006\/05\/15\/ukrainscy-i-bialoruscy-studenci-z-wizyta-u-marszalka\/"},"modified":"2016-10-26T12:49:51","modified_gmt":"2016-10-26T12:49:51","slug":"ukrainscy-i-bialoruscy-studenci-z-wizyta-u-marszalka","status":"publish","type":"post","link":"http:\/\/b-borusewicz.pl\/index.php\/2006\/05\/15\/ukrainscy-i-bialoruscy-studenci-z-wizyta-u-marszalka\/","title":{"rendered":"Ukrai\u0144scy i Bia\u0142oruscy studenci z wizyt\u0105 u Marsza\u0142ka"},"content":{"rendered":"<p>Grup\u0119 student\u00f3w z Ukrainy i Bia\u0142orusi przyj\u0105\u0142 w swoim biurze senatorskim marsza\u0142ek Bogdan Borusewicz. Studenci przebywali na Pomorzu w ramach Programu ?przemiany w Regionie? ? RITA, realizowanego przez Centrum Wsp\u00f3\u0142pracy M\u0142odzie\u017cy.<!--more--><\/p>\n<div id=\"Zawartosc\"><img src=\"http:\/\/b.borusewicz.pl\/wp-content\/uploads\/2006\/05\/w_41_medium.jpeg\" border=\"0\" class=\"ikona\"\/><\/p>\n<div class=\"Zajawka\"><\/div>\n<div class=\"Tresc\">Podczas ponad p\u00f3\u0142toragodzinnego spotkania Marsza\u0142ek m\u00f3wi\u0142 m.in. o przemianach w Polsce i przekszta\u0142ceniach polskiej gospodarki, wsp\u00f3lnej historii pa\u0144stw Europy Wschodniej, mniejszo\u015bciach narodowych w Polsce. Odpowiada\u0142 r\u00f3wnie\u017c na pytania swoich go\u015bci. Rozmawiano o wsp\u00f3\u0142pracy polsko ? ukrai\u0144skiej, w tym r\u00f3wnie\u017c poruszono kwesti\u0119 polityki energetycznej obydwu pa\u0144stw, o wsparciu rz\u0105du polskiego dla bia\u0142oruskich student\u00f3w wyrzucanych z uczelni za dzia\u0142alno\u015b\u0107 opozycyjn\u0105, czy zmianach jakie nios\u0142o dla Polski wej\u015bcie do Unii Europejskiej i perspektywach jej rozszerzenia. <\/p>\n<p>Zapraszamy do <a href=\"http:\/\/b-borusewicz.pl\/index.cgi?action=16&amp;dir=\/005%20Ukrai%F1scy%20i%20Bia%B3oruscy%20studenci\/ \">galerii zdje\u0107<\/a><\/div>\n<\/div>\n","protected":false},"excerpt":{"rendered":"<p>Grup\u0119 student\u00f3w z Ukrainy i Bia\u0142orusi przyj\u0105\u0142 w swoim biurze senatorskim marsza\u0142ek Bogdan Borusewicz. Studenci przebywali na Pomorzu w ramach Programu ?przemiany w Regionie? ? RITA, realizowanego przez Centrum Wsp\u00f3\u0142pracy M\u0142odzie\u017cy.<\/p>\n","protected":false},"author":1,"featured_media":2303,"comment_status":"open","ping_status":"open","sticky":false,"template":"","format":"standard","meta":[],"categories":[2,4],"tags":[],"_links":{"self":[{"href":"http:\/\/b-borusewicz.pl\/index.php\/wp-json\/wp\/v2\/posts\/1609"}],"collection":[{"href":"http:\/\/b-borusewicz.pl\/index.php\/wp-json\/wp\/v2\/posts"}],"about":[{"href":"http:\/\/b-borusewicz.pl\/index.php\/wp-json\/wp\/v2\/types\/post"}],"author":[{"embeddable":true,"href":"http:\/\/b-borusewicz.pl\/index.php\/wp-json\/wp\/v2\/users\/1"}],"replies":[{"embeddable":true,"href":"http:\/\/b-borusewicz.pl\/index.php\/wp-json\/wp\/v2\/comments?post=1609"}],"version-history":[{"count":1,"href":"http:\/\/b-borusewicz.pl\/index.php\/wp-json\/wp\/v2\/posts\/1609\/revisions"}],"predecessor-version":[{"id":2304,"href":"http:\/\/b-borusewicz.pl\/index.php\/wp-json\/wp\/v2\/posts\/1609\/revisions\/2304"}],"wp:featuredmedia":[{"embeddable":true,"href":"http:\/\/b-borusewicz.pl\/index.php\/wp-json\/wp\/v2\/media\/2303"}],"wp:attachment":[{"href":"http:\/\/b-borusewicz.pl\/index.php\/wp-json\/wp\/v2\/media?parent=1609"}],"wp:term":[{"taxonomy":"category","embeddable":true,"href":"http:\/\/b-borusewicz.pl\/index.php\/wp-json\/wp\/v2\/categories?post=1609"},{"taxonomy":"post_tag","embeddable":true,"href":"http:\/\/b-borusewicz.pl\/index.php\/wp-json\/wp\/v2\/tags?post=1609"}],"curies":[{"name":"wp","href":"https:\/\/api.w.org\/{rel}","templated":true}]}}